{"id":11260,"date":"2020-03-19T16:08:07","date_gmt":"2020-03-19T15:08:07","guid":{"rendered":"https:\/\/agora.xtec.cat\/escolaestevebarrachina\/?p=11260"},"modified":"2020-04-17T10:48:30","modified_gmt":"2020-04-17T08:48:30","slug":"comunicat-i-site-de-recursos","status":"publish","type":"post","link":"https:\/\/agora.xtec.cat\/escolaestevebarrachina\/general\/comunicat-i-site-de-recursos\/","title":{"rendered":"Comunicat i Site de recursos"},"content":{"rendered":"<p><a href=\"https:\/\/agora.xtec.cat\/escolaestevebarrachina\/wp-content\/uploads\/usu1360\/2020\/03\/site.jpg\"><img loading=\"lazy\" decoding=\"async\" class=\"alignnone size-large wp-image-11261\" src=\"https:\/\/agora.xtec.cat\/escolaestevebarrachina\/wp-content\/uploads\/usu1360\/2020\/03\/site-1024x255.jpg\" alt=\"\" width=\"1024\" height=\"255\" srcset=\"https:\/\/agora.xtec.cat\/escolaestevebarrachina\/wp-content\/uploads\/usu1360\/2020\/03\/site-1024x255.jpg 1024w, https:\/\/agora.xtec.cat\/escolaestevebarrachina\/wp-content\/uploads\/usu1360\/2020\/03\/site-300x75.jpg 300w, https:\/\/agora.xtec.cat\/escolaestevebarrachina\/wp-content\/uploads\/usu1360\/2020\/03\/site-768x191.jpg 768w, https:\/\/agora.xtec.cat\/escolaestevebarrachina\/wp-content\/uploads\/usu1360\/2020\/03\/site.jpg 1200w\" sizes=\"auto, (max-width: 1024px) 100vw, 1024px\" \/><\/a><\/p>\n<p><a style=\"font-family: inherit; font-size: 1em;\" href=\"https:\/\/sites.google.com\/xtec.cat\/recursosbarrachina\">https:\/\/sites.google.com\/xtec.cat\/recursosbarrachina<\/a><\/p>\n<p>Benvolgudes fam\u00edlies,<\/p>\n<p>El primer \u00e9s dir-vos que <strong>desitgem que totes i tots us trobeu en un bon estat de salut!!!<\/strong><\/p>\n<p><strong>\u00a0<\/strong>Estem vivint un moment excepcional de confinament que s\u2019allargar\u00e0 en el temps, i haurem d\u2019ajudar els nostres infants a trobar la manera de mantenir l\u2019alegria i la seguretat en ells mateixos. Conservar l\u2019estructura hor\u00e0ria, distingir els dies festius dels qu\u00e8 no ho s\u00f3n i tenir tasques a desenvolupar els ajudar\u00e0 no nom\u00e9s a tenir el temps ocupat, sin\u00f3 tamb\u00e9 a seguir aprenent fins i tot en aquestes circumst\u00e0ncies, perqu\u00e8 no nom\u00e9s s\u2019apr\u00e8n a l\u2019escola i no nom\u00e9s compten els aprenentatges acad\u00e8mics.<\/p>\n<p>A nivell familiar us recomanem que organitzeu amb els vostres fills i filles un horari\u00a0 que combini activitats m\u00e9s tranquil\u00b7les amb d\u2019altres de m\u00e9s moviment. Tamb\u00e9 \u00e9s l&#8217;oportunitat\u00a0 per afavorir el vincle entre grans i petits. Moltes de les propostes que us fem des de l\u2019escola s\u00f3n per a realitzar en fam\u00edlia donant als infants aquell acompanyament que necessiten per aprendre a interpretar el m\u00f3n que els envolta.<\/p>\n<p>Aix\u00f2 no vol dir que els nens i nenes hagin d\u2019absorbir tot el vostre temps, tamb\u00e9 han de poder fer activitats m\u00e9s aut\u00f2nomes i d\u2019altres absolutament lliures, de la mateixa manera que els adults tamb\u00e9 hem de tenir el nostre espai i el nostre temps.<\/p>\n<p>No ser\u00e0 f\u00e0cil, gens. Per\u00f2 mirem d\u2019aprofitar els aprenentatges que aquesta situaci\u00f3 ens ofereix.<\/p>\n<p>En aquests moments el paper de l\u2019escola \u00e9s el d\u2019acompanyar-vos en aquesta situaci\u00f3 tan in\u00e8dita. El claustre de mestres est\u00e0 preparant recursos i activitats per a que els infants puguin anar treballant des de casa. En cap cas s\u00f3n tasques que ens permetran avaluar els nostres alumnes,s\u00f3n activitats de refor\u00e7 i complement\u00e0ries del qu\u00e8 s\u2019ha anat treballant a l\u2019escola (el Departament d\u2019Educaci\u00f3 no autoritza els centres a avan\u00e7ar continguts curriculars perqu\u00e8 no estaria garantida l\u2019equitat entre tot l\u2019alumnat).<\/p>\n<p>Des del passat dijous 12 de mar\u00e7 us hem fet arribar algunes tasques per realitzar a casa, ja fos en paper o a trav\u00e9s de Dinantia, per\u00f2 al mateix temps hem anat preparant un <strong>recull d\u2019activitats classificades per edats i per \u00e0rees organitzades en un Site, una p\u00e0gina web que us compartim a continuaci\u00f3:<\/strong><\/p>\n<p><a href=\"https:\/\/sites.google.com\/xtec.cat\/recursosbarrachina\">https:\/\/sites.google.com\/xtec.cat\/recursosbarrachina<\/a><\/p>\n<p>Esperem que us serveixi d\u2019ajuda i restem a la vostra disposici\u00f3 pel que necessiteu.<\/p>\n<p>Ens en sortirem!<\/p>\n<p>Molts \u00e0nims a tothom i a seguir endavant!<\/p>\n<p>&nbsp;<\/p>\n<p>&nbsp;<\/p>\n<p>L\u2019 Equip Directiu<\/p>\n","protected":false},"excerpt":{"rendered":"<p><a href=\"https:\/\/agora.xtec.cat\/escolaestevebarrachina\/wp-content\/uploads\/usu1360\/2020\/03\/site.jpg\"><\/a><br \/>\n<a style=\"font-family: inherit; font-size: 1em;\" href=\"https:\/\/sites.google.com\/xtec.cat\/recursosbarrachina\">https:\/\/sites.google.com\/xtec.cat\/recursosbarrachina<\/a><br \/>\nBenvolgudes fam\u00edlies,<br \/>\nEl primer \u00e9s dir-vos que desitgem que totes i tots us trobeu en un bon estat de salut!!!<br \/>\n\u00a0Estem vivint un moment excepcional de confinament que s\u2019allargar\u00e0 en el temps, i haurem d\u2019ajudar els nostres infants a trobar la&hellip;  <a href=\"https:\/\/agora.xtec.cat\/escolaestevebarrachina\/general\/comunicat-i-site-de-recursos\/\" title=\"Read Comunicat i Site de recursos\">Llegeix m\u00e9s\u00bb<\/a><\/p>\n","protected":false},"author":1,"featured_media":11261,"comment_status":"open","ping_status":"closed","sticky":false,"template":"","format":"standard","meta":{"_bbp_topic_count":0,"_bbp_reply_count":0,"_bbp_total_topic_count":0,"_bbp_total_reply_count":0,"_bbp_voice_count":0,"_bbp_anonymous_reply_count":0,"_bbp_topic_count_hidden":0,"_bbp_reply_count_hidden":0,"_bbp_forum_subforum_count":0,"footnotes":""},"categories":[5,1,4,145],"tags":[],"class_list":["post-11260","post","type-post","status-publish","format-standard","has-post-thumbnail","hentry","category-escola","category-general","category-portada","category-primaria"],"post_mailing_queue_ids":[],"_links":{"self":[{"href":"https:\/\/agora.xtec.cat\/escolaestevebarrachina\/wp-json\/wp\/v2\/posts\/11260","targetHints":{"allow":["GET"]}}],"collection":[{"href":"https:\/\/agora.xtec.cat\/escolaestevebarrachina\/wp-json\/wp\/v2\/posts"}],"about":[{"href":"https:\/\/agora.xtec.cat\/escolaestevebarrachina\/wp-json\/wp\/v2\/types\/post"}],"author":[{"embeddable":true,"href":"https:\/\/agora.xtec.cat\/escolaestevebarrachina\/wp-json\/wp\/v2\/users\/1"}],"replies":[{"embeddable":true,"href":"https:\/\/agora.xtec.cat\/escolaestevebarrachina\/wp-json\/wp\/v2\/comments?post=11260"}],"version-history":[{"count":3,"href":"https:\/\/agora.xtec.cat\/escolaestevebarrachina\/wp-json\/wp\/v2\/posts\/11260\/revisions"}],"predecessor-version":[{"id":11268,"href":"https:\/\/agora.xtec.cat\/escolaestevebarrachina\/wp-json\/wp\/v2\/posts\/11260\/revisions\/11268"}],"wp:featuredmedia":[{"embeddable":true,"href":"https:\/\/agora.xtec.cat\/escolaestevebarrachina\/wp-json\/wp\/v2\/media\/11261"}],"wp:attachment":[{"href":"https:\/\/agora.xtec.cat\/escolaestevebarrachina\/wp-json\/wp\/v2\/media?parent=11260"}],"wp:term":[{"taxonomy":"category","embeddable":true,"href":"https:\/\/agora.xtec.cat\/escolaestevebarrachina\/wp-json\/wp\/v2\/categories?post=11260"},{"taxonomy":"post_tag","embeddable":true,"href":"https:\/\/agora.xtec.cat\/escolaestevebarrachina\/wp-json\/wp\/v2\/tags?post=11260"}],"curies":[{"name":"wp","href":"https:\/\/api.w.org\/{rel}","templated":true}]}}