{"id":11223,"date":"2019-04-04T10:26:06","date_gmt":"2019-04-04T08:26:06","guid":{"rendered":"https:\/\/escolaestevebarrachina.cat\/?p=11223"},"modified":"2019-04-04T10:26:06","modified_gmt":"2019-04-04T08:26:06","slug":"musica-i-comunitat","status":"publish","type":"post","link":"https:\/\/agora.xtec.cat\/escolaestevebarrachina\/activitats-del-centre\/musica-i-comunitat\/","title":{"rendered":"M\u00fasica i Comunitat"},"content":{"rendered":"<p>El projecte engegat enguany a 4t i que l&#8217;any que ve es dur\u00e0 a terme a 4t i 5\u00e8.<\/p>\n<p>En col\u00b7laboraci\u00f3 amb l&#8217;EMMMA, l&#8217;AMPA i l&#8217;Ajuntament de Sitges, posem els mitjans per a que els alumnes aprenguin a partir del principi: Un infant, un instrument.<\/p>\n<p><iframe loading=\"lazy\" src=\"https:\/\/www.youtube.com\/embed\/DQrKAcs9dFc\" width=\"560\" height=\"315\" frameborder=\"0\" allowfullscreen=\"allowfullscreen\"><\/iframe><\/p>\n","protected":false},"excerpt":{"rendered":"<p>El projecte engegat enguany a 4t i que l&#8217;any que ve es dur\u00e0 a terme a 4t i 5\u00e8.<br \/>\nEn col\u00b7laboraci\u00f3 amb l&#8217;EMMMA, l&#8217;AMPA i l&#8217;Ajuntament de Sitges, posem els mitjans per a que els alumnes aprenguin a partir del principi: Un infant, un instrument.<\/p>\n","protected":false},"author":1,"featured_media":11224,"comment_status":"open","ping_status":"open","sticky":false,"template":"","format":"standard","meta":{"_bbp_topic_count":0,"_bbp_reply_count":0,"_bbp_total_topic_count":0,"_bbp_total_reply_count":0,"_bbp_voice_count":0,"_bbp_anonymous_reply_count":0,"_bbp_topic_count_hidden":0,"_bbp_reply_count_hidden":0,"_bbp_forum_subforum_count":0,"footnotes":""},"categories":[84],"tags":[],"class_list":["post-11223","post","type-post","status-publish","format-standard","has-post-thumbnail","hentry","category-activitats-del-centre"],"post_mailing_queue_ids":[],"_links":{"self":[{"href":"https:\/\/agora.xtec.cat\/escolaestevebarrachina\/wp-json\/wp\/v2\/posts\/11223","targetHints":{"allow":["GET"]}}],"collection":[{"href":"https:\/\/agora.xtec.cat\/escolaestevebarrachina\/wp-json\/wp\/v2\/posts"}],"about":[{"href":"https:\/\/agora.xtec.cat\/escolaestevebarrachina\/wp-json\/wp\/v2\/types\/post"}],"author":[{"embeddable":true,"href":"https:\/\/agora.xtec.cat\/escolaestevebarrachina\/wp-json\/wp\/v2\/users\/1"}],"replies":[{"embeddable":true,"href":"https:\/\/agora.xtec.cat\/escolaestevebarrachina\/wp-json\/wp\/v2\/comments?post=11223"}],"version-history":[{"count":0,"href":"https:\/\/agora.xtec.cat\/escolaestevebarrachina\/wp-json\/wp\/v2\/posts\/11223\/revisions"}],"wp:featuredmedia":[{"embeddable":true,"href":"https:\/\/agora.xtec.cat\/escolaestevebarrachina\/wp-json\/"}],"wp:attachment":[{"href":"https:\/\/agora.xtec.cat\/escolaestevebarrachina\/wp-json\/wp\/v2\/media?parent=11223"}],"wp:term":[{"taxonomy":"category","embeddable":true,"href":"https:\/\/agora.xtec.cat\/escolaestevebarrachina\/wp-json\/wp\/v2\/categories?post=11223"},{"taxonomy":"post_tag","embeddable":true,"href":"https:\/\/agora.xtec.cat\/escolaestevebarrachina\/wp-json\/wp\/v2\/tags?post=11223"}],"curies":[{"name":"wp","href":"https:\/\/api.w.org\/{rel}","templated":true}]}}