{"id":11217,"date":"2019-04-04T10:19:28","date_gmt":"2019-04-04T08:19:28","guid":{"rendered":"https:\/\/escolaestevebarrachina.cat\/?p=11214"},"modified":"2019-04-04T10:19:28","modified_gmt":"2019-04-04T08:19:28","slug":"els-ambients-dinfantil","status":"publish","type":"post","link":"https:\/\/agora.xtec.cat\/escolaestevebarrachina\/general\/els-ambients-dinfantil\/","title":{"rendered":"Els ambients d&#8217;infantil"},"content":{"rendered":"<p>Tornem a compartir amb vosaltres el v\u00eddeo que vam gravar el curs passat durant la Jornada d&#8217;Ambients en Fam\u00edlia.<\/p>\n<p>Aquest any repetirem l&#8217;experi\u00e8ncia i rebrem les fam\u00edlies d&#8217;educaci\u00f3 infantil de l&#8217;escola el dissabte 6 d&#8217;abril de 10&#8217;00 a 12&#8217;00h.<\/p>\n<p><iframe loading=\"lazy\" src=\"https:\/\/www.youtube.com\/embed\/_Rbkig0qUtA\" width=\"560\" height=\"315\" frameborder=\"0\" allowfullscreen=\"allowfullscreen\"><\/iframe><\/p>\n","protected":false},"excerpt":{"rendered":"<p>Tornem a compartir amb vosaltres el v\u00eddeo que vam gravar el curs passat durant la Jornada d&#8217;Ambients en Fam\u00edlia.<br \/>\nAquest any repetirem l&#8217;experi\u00e8ncia i rebrem les fam\u00edlies d&#8217;educaci\u00f3 infantil de l&#8217;escola el dissabte 6 d&#8217;abril de 10&#8217;00 a 12&#8217;00h.<\/p>\n","protected":false},"author":1,"featured_media":11222,"comment_status":"open","ping_status":"open","sticky":false,"template":"","format":"standard","meta":{"_bbp_topic_count":0,"_bbp_reply_count":0,"_bbp_total_topic_count":0,"_bbp_total_reply_count":0,"_bbp_voice_count":0,"_bbp_anonymous_reply_count":0,"_bbp_topic_count_hidden":0,"_bbp_reply_count_hidden":0,"_bbp_forum_subforum_count":0,"footnotes":""},"categories":[84,86,1,145],"tags":[],"class_list":["post-11217","post","type-post","status-publish","format-standard","has-post-thumbnail","hentry","category-activitats-del-centre","category-blog","category-general","category-primaria"],"post_mailing_queue_ids":[],"_links":{"self":[{"href":"https:\/\/agora.xtec.cat\/escolaestevebarrachina\/wp-json\/wp\/v2\/posts\/11217","targetHints":{"allow":["GET"]}}],"collection":[{"href":"https:\/\/agora.xtec.cat\/escolaestevebarrachina\/wp-json\/wp\/v2\/posts"}],"about":[{"href":"https:\/\/agora.xtec.cat\/escolaestevebarrachina\/wp-json\/wp\/v2\/types\/post"}],"author":[{"embeddable":true,"href":"https:\/\/agora.xtec.cat\/escolaestevebarrachina\/wp-json\/wp\/v2\/users\/1"}],"replies":[{"embeddable":true,"href":"https:\/\/agora.xtec.cat\/escolaestevebarrachina\/wp-json\/wp\/v2\/comments?post=11217"}],"version-history":[{"count":0,"href":"https:\/\/agora.xtec.cat\/escolaestevebarrachina\/wp-json\/wp\/v2\/posts\/11217\/revisions"}],"wp:featuredmedia":[{"embeddable":true,"href":"https:\/\/agora.xtec.cat\/escolaestevebarrachina\/wp-json\/"}],"wp:attachment":[{"href":"https:\/\/agora.xtec.cat\/escolaestevebarrachina\/wp-json\/wp\/v2\/media?parent=11217"}],"wp:term":[{"taxonomy":"category","embeddable":true,"href":"https:\/\/agora.xtec.cat\/escolaestevebarrachina\/wp-json\/wp\/v2\/categories?post=11217"},{"taxonomy":"post_tag","embeddable":true,"href":"https:\/\/agora.xtec.cat\/escolaestevebarrachina\/wp-json\/wp\/v2\/tags?post=11217"}],"curies":[{"name":"wp","href":"https:\/\/api.w.org\/{rel}","templated":true}]}}