{"id":11216,"date":"2013-02-16T22:51:00","date_gmt":"2013-02-16T22:51:00","guid":{"rendered":"http:\/\/blocs.xtec.cat\/ceipbarrachina\/?p=690"},"modified":"2013-02-16T22:51:00","modified_gmt":"2013-02-16T22:51:00","slug":"mini-handbol-a-lescola-esteve-barrachina","status":"publish","type":"post","link":"https:\/\/agora.xtec.cat\/escolaestevebarrachina\/blog\/mini-handbol-a-lescola-esteve-barrachina\/","title":{"rendered":"MINI-HANDBOL A L&#8217;ESCOLA ESTEVE BARRACHINA"},"content":{"rendered":"<p>Ja fa cinc anys que es va inicar a la nostra escola l\u2019actvitat de mini-hanbol;  en el seu moment era l\u2019\u00fanica proposta de hanbol a nivell municipal, i actualment es l\u2019\u00fanic \u00e9quip municipal que participa en la  lliga escolar organitzada pel consell esportiu del Baix Llobregat.<\/p>\n<p>Per\u00f2 fem una mica d\u2019hist\u00f2ria&#8230;<br \/>\nEl promotor  que s\u2019inici\u00e9s aquesta activitat \u00e9s el mestre d\u2019Educaci\u00f3 F\u00edsica, en Josep Molina. Ell \u00e9s qui ha assentat les bases d\u2019aquest projecte, aix\u00ed com l\u2019encarregat de fer d\u2019entrenador dels primers equips que va tenir l\u2019escola. Es gr\u00e0cies a la seva decisi\u00f3, que l&#8217;escola Esteve Barrachina \u00e9s des de fa alguns anys un dels 3 principals equips escolars de mini-handbol de la comarca.<br \/>\nL\u2019entrenador actual des de fa dues temporades \u00e9s en Jose Manuel Serrano, de 27 anys i en far\u00e0 14 que esta relacionat amb l\u2019handbol. Als 18 anys va comen\u00e7ar a  exercir d&#8217;entrenador i a per transmetre  als nens i nenes tota la \u201cm\u00e0gia\u201d i els valors d\u2019aquest esport. Uns anys m\u00e9s tard, aquesta decisi\u00f3 li obriria les portes a trobar la seva vocaci\u00f3 com a docent i a completar la carrera de magisteri en l\u2019especialitat d\u2019Educaci\u00f3 F\u00edsica.<\/p>\n<p><strong>Els equips<\/strong><\/p>\n<p>El curs passat ten\u00edem un \u00fanic equip format per 14 nens i nenes de diversos cursos entre 4rt i 6\u00e8 de prim\u00e0ria. Aquest any l\u2019activitat ha crescut i tenim 2 equips: un alev\u00ed (10-11 anys) i un pre-benjam\u00ed (6-7 anys).<\/p>\n<p><strong>Equip dels &#8220;petits&#8221;<\/strong><br \/>\n\u00c9s la novetat d\u2019aquest curs, est\u00e0 conformat per 7 nens i 3 nenes de 1er i 2on de prim\u00e0ria principalment provinents de l\u2019activitat de pre-esport.<\/p>\n<p><strong>Equip dels &#8220;grans&#8221;<\/strong><br \/>\nEst\u00e0 format per 15 jugadors: 11 nens i 4 nenes de cursos entre 3er i 6\u00e9 de prim\u00e0ria. Aquest equip va iniciar-se l\u2019any passat i mant\u00e9 gran part dels seus integrants tot i que tamb\u00e9 ha tingut noves incorporacions. L\u2019equip alev\u00ed participa a la lliga organitzada pel Consell Esportiu del Baix Llobregat. Per raons t\u00e8cniques hem decidit que aquest curs nom\u00e9s entrin en competici\u00f3 els alumnes de 5\u00e9 i 6\u00e9, els de la resta de cursos \u00fanicament entrenen per assolir les bases t\u00e8cniques i t\u00e0ctiques el m\u00e9s r\u00e0pidament possible i aix\u00ed estar preparats per competir el pr\u00f2xim any.<\/p>\n<p>En Jos\u00e9 diu: \u201cA m\u00e9s d&#8217; ensenyar-los conceptes t\u00e8cnics i t\u00e0ctics que no  s\u00f3n pocs, la meva intenci\u00f3 es la de donar a con\u00e8ixer aquest esport i educar els nens inculcant-los valors que no nom\u00e9s s\u00f3n v\u00e0lids en la pr\u00e0ctica esportiva sin\u00f3 en la vida di\u00e0ria: solidaritat, companyerisme, esfor\u00e7, sacrifici, treball en equip, respecte, confian\u00e7a, ..&#8221;<\/p>\n<p><strong>Objectius i plans de futur<\/strong><\/p>\n<p>De cara a la propera temporada el seu objectiu principal \u00e9s que l&#8217;activitat segueixi creixent ,  que cada cop m\u00e9s nens i nenes del centre s\u2019animin a practicar aquest esport. La segona prioritat \u00e9s un xic m\u00e9s concreta;  consisteix en il\u00b7lusionar els jugadors i jugadores de l&#8217; equip pre-benjam\u00ed , per garantir la seva continu\u00eftat i seguir treballant per tal que el curs vinent puguin entrar en competici\u00f3.<\/p>\n<p>Endavant equip de mini-handbol!!<br \/>\nGr\u00e0cies Jose!!<br \/>\nGr\u00e0cies nens i nenes..<\/p>\n<p>AMPA ESCOLA ESTEVE BARRACHINA<br \/>\n<embed type=\"application\/x-shockwave-flash\" width=\"400\" height=\"267\" src=\"https:\/\/picasaweb.google.com\/s\/c\/bin\/slideshow.swf\" flashvars=\"host=picasaweb.google.com&amp;hl=ca&amp;feat=flashalbum&amp;RGB=0x000000&amp;feed=https%3A%2F%2Fpicasaweb.google.com%2Fdata%2Ffeed%2Fapi%2Fuser%2Fceipbarrachina2%2Falbumid%2F5845670990785868369%3Falt%3Drss%26kind%3Dphoto%26authkey%3DGv1sRgCO6xwKSDm_mlRQ%26hl%3Dca\" pluginspage=\"http:\/\/www.macromedia.com\/go\/getflashplayer\"><\/embed><\/p>\n","protected":false},"excerpt":{"rendered":"<p>Ja fa cinc anys que es va inicar a la nostra escola l\u2019actvitat de mini-hanbol;  en el seu moment era l\u2019\u00fanica proposta de hanbol a nivell municipal, i actualment es l\u2019\u00fanic \u00e9quip municipal que participa en la  lliga escolar organitzada pel consell esportiu&hellip;  <a href=\"https:\/\/agora.xtec.cat\/escolaestevebarrachina\/blog\/mini-handbol-a-lescola-esteve-barrachina\/\" title=\"Read MINI-HANDBOL A L&#8217;ESCOLA ESTEVE BARRACHINA\">Llegeix m\u00e9s\u00bb<\/a><\/p>\n","protected":false},"author":1,"featured_media":0,"comment_status":"open","ping_status":"closed","sticky":false,"template":"","format":"standard","meta":{"_bbp_topic_count":0,"_bbp_reply_count":0,"_bbp_total_topic_count":0,"_bbp_total_reply_count":0,"_bbp_voice_count":0,"_bbp_anonymous_reply_count":0,"_bbp_topic_count_hidden":0,"_bbp_reply_count_hidden":0,"_bbp_forum_subforum_count":0,"footnotes":""},"categories":[86],"tags":[],"class_list":["post-11216","post","type-post","status-publish","format-standard","hentry","category-blog"],"post_mailing_queue_ids":[],"_links":{"self":[{"href":"https:\/\/agora.xtec.cat\/escolaestevebarrachina\/wp-json\/wp\/v2\/posts\/11216","targetHints":{"allow":["GET"]}}],"collection":[{"href":"https:\/\/agora.xtec.cat\/escolaestevebarrachina\/wp-json\/wp\/v2\/posts"}],"about":[{"href":"https:\/\/agora.xtec.cat\/escolaestevebarrachina\/wp-json\/wp\/v2\/types\/post"}],"author":[{"embeddable":true,"href":"https:\/\/agora.xtec.cat\/escolaestevebarrachina\/wp-json\/wp\/v2\/users\/1"}],"replies":[{"embeddable":true,"href":"https:\/\/agora.xtec.cat\/escolaestevebarrachina\/wp-json\/wp\/v2\/comments?post=11216"}],"version-history":[{"count":0,"href":"https:\/\/agora.xtec.cat\/escolaestevebarrachina\/wp-json\/wp\/v2\/posts\/11216\/revisions"}],"wp:attachment":[{"href":"https:\/\/agora.xtec.cat\/escolaestevebarrachina\/wp-json\/wp\/v2\/media?parent=11216"}],"wp:term":[{"taxonomy":"category","embeddable":true,"href":"https:\/\/agora.xtec.cat\/escolaestevebarrachina\/wp-json\/wp\/v2\/categories?post=11216"},{"taxonomy":"post_tag","embeddable":true,"href":"https:\/\/agora.xtec.cat\/escolaestevebarrachina\/wp-json\/wp\/v2\/tags?post=11216"}],"curies":[{"name":"wp","href":"https:\/\/api.w.org\/{rel}","templated":true}]}}