{"id":11012,"date":"2019-02-09T20:50:06","date_gmt":"2019-02-09T19:50:06","guid":{"rendered":"https:\/\/escolaestevebarrachina.cat\/?p=11012"},"modified":"2019-02-09T20:50:06","modified_gmt":"2019-02-09T19:50:06","slug":"conta-contes-en-familia-2","status":"publish","type":"post","link":"https:\/\/agora.xtec.cat\/escolaestevebarrachina\/general\/conta-contes-en-familia-2\/","title":{"rendered":"Conta contes en fam\u00edlia"},"content":{"rendered":"<p>Aquest divendres 15 de febrer, a les 17 h, amb\u00a0 motiu de la campanya &#8220;D\u00f3na sang, D\u00f3na vida&#8221;,\u00a0 i de la xocolatada contra el c\u00e0ncer\u00a0 infantil, hem volgut que el conte d&#8217;aquest mes tamb\u00e9 tingu\u00e9s aquest esperit solidari. \u00c9s un conte escrit per Concha Garc\u00eda, amb el pr\u00f2leg de Pau Don\u00e9s que ens narra una hist\u00f2ria molt tendra sobre l&#8217;amistat i la superaci\u00f3.<\/p>\n<p>El conte ens l&#8217;explicar\u00e0 la mateixa autora del llibre. Fora,\u00a0 hi haur\u00e0 una paradeta de contes per comprar i col.laborar aix\u00ed amb el projecte &#8220;Hogar fuera del hogar&#8221; de la Casa Ronald McDonalds (entitat sense \u00e0nim de lucre), per a les fam\u00edlies d&#8217;infants amb malalties de llarga durada.<\/p>\n<p><img loading=\"lazy\" decoding=\"async\" class=\"alignleft size-full wp-image-11014\" src=\"https:\/\/escolaestevebarrachina.cat\/wp-content\/uploads\/2019\/02\/El-liquido-misterioso.jpg\" alt=\"\" width=\"899\" height=\"1599\" \/><\/p>\n<p>&nbsp;<\/p>\n<div><\/div>\n<h1><\/h1>\n","protected":false},"excerpt":{"rendered":"<p>Aquest divendres 15 de febrer, a les 17 h, amb\u00a0 motiu de la campanya &#8220;D\u00f3na sang, D\u00f3na vida&#8221;,\u00a0 i de la xocolatada contra el c\u00e0ncer\u00a0 infantil, hem volgut que el conte d&#8217;aquest mes tamb\u00e9 tingu\u00e9s aquest esperit solidari. \u00c9s un conte escrit per Concha Garc\u00eda,&hellip;  <a href=\"https:\/\/agora.xtec.cat\/escolaestevebarrachina\/general\/conta-contes-en-familia-2\/\" title=\"Read Conta contes en fam\u00edlia\">Llegeix m\u00e9s\u00bb<\/a><\/p>\n","protected":false},"author":1,"featured_media":11014,"comment_status":"open","ping_status":"open","sticky":false,"template":"","format":"standard","meta":{"_bbp_topic_count":0,"_bbp_reply_count":0,"_bbp_total_topic_count":0,"_bbp_total_reply_count":0,"_bbp_voice_count":0,"_bbp_anonymous_reply_count":0,"_bbp_topic_count_hidden":0,"_bbp_reply_count_hidden":0,"_bbp_forum_subforum_count":0,"footnotes":""},"categories":[84,86,158,147,1],"tags":[164],"class_list":["post-11012","post","type-post","status-publish","format-standard","has-post-thumbnail","hentry","category-activitats-del-centre","category-blog","category-biblioteca","category-conta-contes-en-familia","category-general","tag-conta-contes-en-familia"],"post_mailing_queue_ids":[],"_links":{"self":[{"href":"https:\/\/agora.xtec.cat\/escolaestevebarrachina\/wp-json\/wp\/v2\/posts\/11012","targetHints":{"allow":["GET"]}}],"collection":[{"href":"https:\/\/agora.xtec.cat\/escolaestevebarrachina\/wp-json\/wp\/v2\/posts"}],"about":[{"href":"https:\/\/agora.xtec.cat\/escolaestevebarrachina\/wp-json\/wp\/v2\/types\/post"}],"author":[{"embeddable":true,"href":"https:\/\/agora.xtec.cat\/escolaestevebarrachina\/wp-json\/wp\/v2\/users\/1"}],"replies":[{"embeddable":true,"href":"https:\/\/agora.xtec.cat\/escolaestevebarrachina\/wp-json\/wp\/v2\/comments?post=11012"}],"version-history":[{"count":0,"href":"https:\/\/agora.xtec.cat\/escolaestevebarrachina\/wp-json\/wp\/v2\/posts\/11012\/revisions"}],"wp:featuredmedia":[{"embeddable":true,"href":"https:\/\/agora.xtec.cat\/escolaestevebarrachina\/wp-json\/"}],"wp:attachment":[{"href":"https:\/\/agora.xtec.cat\/escolaestevebarrachina\/wp-json\/wp\/v2\/media?parent=11012"}],"wp:term":[{"taxonomy":"category","embeddable":true,"href":"https:\/\/agora.xtec.cat\/escolaestevebarrachina\/wp-json\/wp\/v2\/categories?post=11012"},{"taxonomy":"post_tag","embeddable":true,"href":"https:\/\/agora.xtec.cat\/escolaestevebarrachina\/wp-json\/wp\/v2\/tags?post=11012"}],"curies":[{"name":"wp","href":"https:\/\/api.w.org\/{rel}","templated":true}]}}