{"id":11001,"date":"2019-02-07T16:33:31","date_gmt":"2019-02-07T15:33:31","guid":{"rendered":"https:\/\/escolaestevebarrachina.cat\/?p=11001"},"modified":"2019-02-07T16:33:31","modified_gmt":"2019-02-07T15:33:31","slug":"dona-sang-dona-vida","status":"publish","type":"post","link":"https:\/\/agora.xtec.cat\/escolaestevebarrachina\/general\/dona-sang-dona-vida\/","title":{"rendered":"D\u00d3NA SANG, D\u00d3NA VIDA."},"content":{"rendered":"<p><strong>Els alumnes de 6\u00e8 han escrit i interpretat el v\u00eddeo promocional de la campanya de donaci\u00f3 de sang. El podeu veure en el seg\u00fcent enlla\u00e7.<\/strong><\/p>\n<p><strong>El 15 de febrer a l&#8217;Escola Esteve Barrachina, D\u00d3NA SANG, D\u00d3NA VIDA.<\/strong><\/p>\n\n","protected":false},"excerpt":{"rendered":"<p>Els alumnes de 6\u00e8 han escrit i interpretat el v\u00eddeo promocional de la campanya de donaci\u00f3 de sang. El podeu veure en el seg\u00fcent enlla\u00e7.<br \/>\nEl 15 de febrer a l&#8217;Escola Esteve Barrachina, D\u00d3NA SANG, D\u00d3NA VIDA.<\/p>\n","protected":false},"author":1,"featured_media":10984,"comment_status":"open","ping_status":"open","sticky":false,"template":"","format":"standard","meta":{"_bbp_topic_count":0,"_bbp_reply_count":0,"_bbp_total_topic_count":0,"_bbp_total_reply_count":0,"_bbp_voice_count":0,"_bbp_anonymous_reply_count":0,"_bbp_topic_count_hidden":0,"_bbp_reply_count_hidden":0,"_bbp_forum_subforum_count":0,"footnotes":""},"categories":[84,86,1,145],"tags":[],"class_list":["post-11001","post","type-post","status-publish","format-standard","has-post-thumbnail","hentry","category-activitats-del-centre","category-blog","category-general","category-primaria"],"post_mailing_queue_ids":[],"_links":{"self":[{"href":"https:\/\/agora.xtec.cat\/escolaestevebarrachina\/wp-json\/wp\/v2\/posts\/11001","targetHints":{"allow":["GET"]}}],"collection":[{"href":"https:\/\/agora.xtec.cat\/escolaestevebarrachina\/wp-json\/wp\/v2\/posts"}],"about":[{"href":"https:\/\/agora.xtec.cat\/escolaestevebarrachina\/wp-json\/wp\/v2\/types\/post"}],"author":[{"embeddable":true,"href":"https:\/\/agora.xtec.cat\/escolaestevebarrachina\/wp-json\/wp\/v2\/users\/1"}],"replies":[{"embeddable":true,"href":"https:\/\/agora.xtec.cat\/escolaestevebarrachina\/wp-json\/wp\/v2\/comments?post=11001"}],"version-history":[{"count":0,"href":"https:\/\/agora.xtec.cat\/escolaestevebarrachina\/wp-json\/wp\/v2\/posts\/11001\/revisions"}],"wp:featuredmedia":[{"embeddable":true,"href":"https:\/\/agora.xtec.cat\/escolaestevebarrachina\/wp-json\/"}],"wp:attachment":[{"href":"https:\/\/agora.xtec.cat\/escolaestevebarrachina\/wp-json\/wp\/v2\/media?parent=11001"}],"wp:term":[{"taxonomy":"category","embeddable":true,"href":"https:\/\/agora.xtec.cat\/escolaestevebarrachina\/wp-json\/wp\/v2\/categories?post=11001"},{"taxonomy":"post_tag","embeddable":true,"href":"https:\/\/agora.xtec.cat\/escolaestevebarrachina\/wp-json\/wp\/v2\/tags?post=11001"}],"curies":[{"name":"wp","href":"https:\/\/api.w.org\/{rel}","templated":true}]}}