{"id":10987,"date":"2019-02-03T18:46:36","date_gmt":"2019-02-03T17:46:36","guid":{"rendered":"https:\/\/escolaestevebarrachina.cat\/?p=10987"},"modified":"2019-02-03T18:46:36","modified_gmt":"2019-02-03T17:46:36","slug":"novetats-biblioteca-2","status":"publish","type":"post","link":"https:\/\/agora.xtec.cat\/escolaestevebarrachina\/general\/novetats-biblioteca-2\/","title":{"rendered":"NOVETATS BIBLIOTECA"},"content":{"rendered":"<p>Ja tenim les revistes d&#8217;aquest mes : <strong>El Tatano<\/strong> n\u00ba 157 i <strong>El Petit S\u00e0piens.<\/strong><\/p>\n<h1><strong>EL TATANO<\/strong><\/h1>\n<p><img loading=\"lazy\" decoding=\"async\" class=\"alignleft size-full wp-image-10988\" src=\"https:\/\/escolaestevebarrachina.cat\/wp-content\/uploads\/2019\/02\/El-tatano.jpg\" alt=\"\" width=\"1436\" height=\"2039\" \/><\/p>\n<h5>Gene<\/h5>\n<h5>r 2019 n\u00ba157<\/h5>\n<p><strong>1\u00a0<\/strong>\u00a0\u00a0\u00a0 Portada:\u00a0<a href=\"https:\/\/www.rogerzanni.com\/\" target=\"_blank\" rel=\"noopener noreferrer\">Roger Zanni<\/a><br \/>\n<strong>2<\/strong>\u00a0\u00a0\u00a0\u00a0\u00a0<a href=\"http:\/\/cavallfort.cat\/foto-de-familia\/\">El pitijoc<\/a><br \/>\n<strong>4<\/strong>\u00a0\u00a0\u00a0\u00a0 La Neus: Not\u00edcies estripades<br \/>\n<strong>8<\/strong>\u00a0\u00a0\u00a0\u00a0 Juguem! Muuuuuu!<br \/>\n<strong>10<\/strong>\u00a0\u00a0 Tot s\u00f3n\u2026 Tots van amb rodes<br \/>\n<strong>12\u00a0<\/strong>\u00a0 El taller: Fem un cuc!<br \/>\n<strong>14\u00a0<\/strong>\u00a0\u00a0<a href=\"http:\/\/cavallfort.cat\/els-barrets-de-la-tieta-greta\/\">El conte: Els barrets de la tieta Greta\u00a0<\/a><br \/>\n<strong>18<\/strong>\u00a0\u00a0 La natura: El cangur<br \/>\n<strong>22\u00a0<\/strong>\u00a0 El rac\u00f3 dels tataners<br \/>\n<strong>24<\/strong>\u00a0\u00a0 Les coses: L\u2019orinal<br \/>\n<strong>25<\/strong>\u00a0\u00a0 Rut i Piu: La bufanda<br \/>\n<strong>26<\/strong>\u00a0\u00a0\u00a0<a href=\"http:\/\/cavallfort.cat\/category\/tria-i-remena\/el-tatano-tria-i-remena\/157\/\">A la Neus li han agrada&#8230;<\/a><br \/>\n<strong>27 \u00a0<\/strong>\u00a0El carnet de Cavall Fort<br \/>\n<strong>28\u00a0<\/strong>\u00a0 En Jan de l\u2019Os infla la roda<\/p>\n<h5>Aqui tens un petit tast d&#8217;aquest n\u00famero:<\/h5>\n<p><a href=\"http:\/\/cavallfort.cat\/foto-de-familia\/\">El pitijoc<\/a><br \/>\nEstrenem secci\u00f3 amb els pitinaps! A partir d\u2019ara, ens portaran un joc cada dos mesos.<\/p>\n<p><a href=\"http:\/\/cavallfort.cat\/els-barrets-de-la-tieta-greta\/\">Els barrets de la tieta Greta<\/a><br \/>\nVols escoltar el conte de Gabriel Sic\u00edlia? Te\u2019l llegim en veu alta, amb m\u00fasica i efectes sonors!<\/p>\n<p><a href=\"http:\/\/cavallfort.cat\/category\/tria-i-remena\/el-tatano-tria-i-remena\/157\/\">A la Neus li han agradat\u2026<\/a><br \/>\nOriginals, divertits, sorprenents\u2026 Pren nota d\u2019aquests llibres sobre vaques que et recomanem!<\/p>\n<p><a href=\"http:\/\/cavallfort.cat\/barrets\/\">Galeria de barrets<\/a><br \/>\nQuins dibuixos de barrets m\u00e9s originals i divertits que hem rebut! En tenim un munt!<\/p>\n<p>&nbsp;<\/p>\n<h1><strong>EL PETIT S\u00c0PIENS<\/strong><\/h1>\n<p>Aquest febrer, el Petit\u00a0S\u00c0PIENS fa un viatge fins a la Fran\u00e7a del segle XVII per descobrir-vos Llu\u00eds XIV, el Rei Sol, i el palau de Versalles<\/p>\n<p><img loading=\"lazy\" decoding=\"async\" class=\"alignleft size-full wp-image-10989\" src=\"https:\/\/escolaestevebarrachina.cat\/wp-content\/uploads\/2019\/02\/sap\u00ecens.jpg\" alt=\"\" width=\"1415\" height=\"2021\" \/><\/p>\n<p>&nbsp;<\/p>\n<p>&nbsp;<\/p>\n<p>&nbsp;<\/p>\n<p>&nbsp;<\/p>\n<p>&nbsp;<\/p>\n<p>&nbsp;<\/p>\n<p>&nbsp;<\/p>\n<p>&nbsp;<\/p>\n<p>&nbsp;<\/p>\n<p>&nbsp;<\/p>\n<p>&nbsp;<\/p>\n<p>&nbsp;<\/p>\n<p>&nbsp;<\/p>\n<p>&nbsp;<\/p>\n<p>&nbsp;<\/p>\n<p>&nbsp;<\/p>\n<p>&nbsp;<\/p>\n<p>&nbsp;<\/p>\n<p>&nbsp;<\/p>\n<p>&nbsp;<\/p>\n<p>&nbsp;<\/p>\n<p>&nbsp;<\/p>\n<p>&nbsp;<\/p>\n<p>&nbsp;<\/p>\n<p>&nbsp;<\/p>\n<p>&nbsp;<\/p>\n<p>&nbsp;<\/p>\n<p>&nbsp;<\/p>\n<p>&nbsp;<\/p>\n<p>&nbsp;<\/p>\n<p>&nbsp;<\/p>\n<p>&nbsp;<\/p>\n<p>&nbsp;<\/p>\n<p>&nbsp;<\/p>\n<p>&nbsp;<\/p>\n<p>&nbsp;<\/p>\n<p>&nbsp;<\/p>\n<p>&nbsp;<\/p>\n","protected":false},"excerpt":{"rendered":"<p>Ja tenim les revistes d&#8217;aquest mes : El Tatano n\u00ba 157 i El Petit S\u00e0piens.<br \/>\nEL TATANO<\/p>\n<p>Gene<br \/>\nr 2019 n\u00ba157<br \/>\n1\u00a0\u00a0\u00a0\u00a0 Portada:\u00a0<a href=\"https:\/\/www.rogerzanni.com\/\" target=\"_blank\" rel=\"noopener noreferrer\">Roger Zanni<\/a><br \/>\n2\u00a0\u00a0\u00a0\u00a0\u00a0<a href=\"http:\/\/cavallfort.cat\/foto-de-familia\/\">El pitijoc<\/a><br \/>\n4\u00a0\u00a0\u00a0\u00a0 La Neus: Not\u00edcies estripades<br \/>\n8\u00a0\u00a0\u00a0\u00a0 Juguem! Muuuuuu!<br \/>\n10\u00a0\u00a0 Tot s\u00f3n\u2026 Tots van amb rodes<br \/>\n12\u00a0\u00a0 El taller: Fem un cuc!<br \/>\n14\u00a0\u00a0\u00a0<a href=\"http:\/\/cavallfort.cat\/els-barrets-de-la-tieta-greta\/\">El conte:&hellip;  <a href=\"https:\/\/agora.xtec.cat\/escolaestevebarrachina\/general\/novetats-biblioteca-2\/\" title=\"Read NOVETATS BIBLIOTECA\">Llegeix m\u00e9s\u00bb<\/a><\/p>\n","protected":false},"author":1,"featured_media":10989,"comment_status":"open","ping_status":"open","sticky":false,"template":"","format":"standard","meta":{"_bbp_topic_count":0,"_bbp_reply_count":0,"_bbp_total_topic_count":0,"_bbp_total_reply_count":0,"_bbp_voice_count":0,"_bbp_anonymous_reply_count":0,"_bbp_topic_count_hidden":0,"_bbp_reply_count_hidden":0,"_bbp_forum_subforum_count":0,"footnotes":""},"categories":[84,86,158,1],"tags":[],"class_list":["post-10987","post","type-post","status-publish","format-standard","has-post-thumbnail","hentry","category-activitats-del-centre","category-blog","category-biblioteca","category-general"],"post_mailing_queue_ids":[],"_links":{"self":[{"href":"https:\/\/agora.xtec.cat\/escolaestevebarrachina\/wp-json\/wp\/v2\/posts\/10987","targetHints":{"allow":["GET"]}}],"collection":[{"href":"https:\/\/agora.xtec.cat\/escolaestevebarrachina\/wp-json\/wp\/v2\/posts"}],"about":[{"href":"https:\/\/agora.xtec.cat\/escolaestevebarrachina\/wp-json\/wp\/v2\/types\/post"}],"author":[{"embeddable":true,"href":"https:\/\/agora.xtec.cat\/escolaestevebarrachina\/wp-json\/wp\/v2\/users\/1"}],"replies":[{"embeddable":true,"href":"https:\/\/agora.xtec.cat\/escolaestevebarrachina\/wp-json\/wp\/v2\/comments?post=10987"}],"version-history":[{"count":0,"href":"https:\/\/agora.xtec.cat\/escolaestevebarrachina\/wp-json\/wp\/v2\/posts\/10987\/revisions"}],"wp:featuredmedia":[{"embeddable":true,"href":"https:\/\/agora.xtec.cat\/escolaestevebarrachina\/wp-json\/"}],"wp:attachment":[{"href":"https:\/\/agora.xtec.cat\/escolaestevebarrachina\/wp-json\/wp\/v2\/media?parent=10987"}],"wp:term":[{"taxonomy":"category","embeddable":true,"href":"https:\/\/agora.xtec.cat\/escolaestevebarrachina\/wp-json\/wp\/v2\/categories?post=10987"},{"taxonomy":"post_tag","embeddable":true,"href":"https:\/\/agora.xtec.cat\/escolaestevebarrachina\/wp-json\/wp\/v2\/tags?post=10987"}],"curies":[{"name":"wp","href":"https:\/\/api.w.org\/{rel}","templated":true}]}}