{"id":10952,"date":"2019-01-22T16:55:19","date_gmt":"2019-01-22T15:55:19","guid":{"rendered":"https:\/\/escolaestevebarrachina.cat\/?p=10952"},"modified":"2019-01-22T16:55:19","modified_gmt":"2019-01-22T15:55:19","slug":"matematiques-aplicades-a-contextos-reals","status":"publish","type":"post","link":"https:\/\/agora.xtec.cat\/escolaestevebarrachina\/general\/matematiques-aplicades-a-contextos-reals\/","title":{"rendered":"Matem\u00e0tiques aplicades a contextos reals"},"content":{"rendered":"<p>A cinqu\u00e8 hem resolt un problema de soroll a trav\u00e9s d&#8217;un problema matem\u00e0tic:<\/p>\n<p>Si tinc un rotlle de feltre de 10cm d&#8217;amplada i vull cobrir les 4 potes dels 17 tamborets de l&#8217;aula, tenint en compte que la secci\u00f3 de cada pota mesura 1,8cm x 2,3cm. Quants metres de feltre necessitar\u00e9?<\/p>\n<p><img loading=\"lazy\" decoding=\"async\" class=\"alignnone size-medium wp-image-10957\" src=\"https:\/\/escolaestevebarrachina.cat\/wp-content\/uploads\/2019\/01\/IMG_20190122_111225-300x225.jpg\" alt=\"\" width=\"300\" height=\"225\" \/><\/p>\n<p><img loading=\"lazy\" decoding=\"async\" class=\"alignnone size-medium wp-image-10953\" src=\"https:\/\/escolaestevebarrachina.cat\/wp-content\/uploads\/2019\/01\/IMG_20190122_111129-300x225.jpg\" alt=\"\" width=\"300\" height=\"225\" \/><\/p>\n<p><img loading=\"lazy\" decoding=\"async\" class=\"alignnone size-medium wp-image-10955\" src=\"https:\/\/escolaestevebarrachina.cat\/wp-content\/uploads\/2019\/01\/IMG_20190122_111203-300x225.jpg\" alt=\"\" width=\"300\" height=\"225\" \/><\/p>\n<p><img loading=\"lazy\" decoding=\"async\" class=\"alignnone size-medium wp-image-10954\" src=\"https:\/\/escolaestevebarrachina.cat\/wp-content\/uploads\/2019\/01\/IMG_20190122_111154-300x225.jpg\" alt=\"\" width=\"300\" height=\"225\" \/><\/p>\n<p>&nbsp;<\/p>\n","protected":false},"excerpt":{"rendered":"<p>A cinqu\u00e8 hem resolt un problema de soroll a trav\u00e9s d&#8217;un problema matem\u00e0tic:<br \/>\nSi tinc un rotlle de feltre de 10cm d&#8217;amplada i vull cobrir les 4 potes dels 17 tamborets de l&#8217;aula, tenint en compte que la secci\u00f3 de cada pota mesura 1,8cm x 2,3cm.&hellip;  <a href=\"https:\/\/agora.xtec.cat\/escolaestevebarrachina\/general\/matematiques-aplicades-a-contextos-reals\/\" title=\"Read Matem\u00e0tiques aplicades a contextos reals\">Llegeix m\u00e9s\u00bb<\/a><\/p>\n","protected":false},"author":1,"featured_media":10956,"comment_status":"open","ping_status":"open","sticky":false,"template":"","format":"standard","meta":{"_bbp_topic_count":0,"_bbp_reply_count":0,"_bbp_total_topic_count":0,"_bbp_total_reply_count":0,"_bbp_voice_count":0,"_bbp_anonymous_reply_count":0,"_bbp_topic_count_hidden":0,"_bbp_reply_count_hidden":0,"_bbp_forum_subforum_count":0,"footnotes":""},"categories":[86,1,145],"tags":[],"class_list":["post-10952","post","type-post","status-publish","format-standard","has-post-thumbnail","hentry","category-blog","category-general","category-primaria"],"post_mailing_queue_ids":[],"_links":{"self":[{"href":"https:\/\/agora.xtec.cat\/escolaestevebarrachina\/wp-json\/wp\/v2\/posts\/10952","targetHints":{"allow":["GET"]}}],"collection":[{"href":"https:\/\/agora.xtec.cat\/escolaestevebarrachina\/wp-json\/wp\/v2\/posts"}],"about":[{"href":"https:\/\/agora.xtec.cat\/escolaestevebarrachina\/wp-json\/wp\/v2\/types\/post"}],"author":[{"embeddable":true,"href":"https:\/\/agora.xtec.cat\/escolaestevebarrachina\/wp-json\/wp\/v2\/users\/1"}],"replies":[{"embeddable":true,"href":"https:\/\/agora.xtec.cat\/escolaestevebarrachina\/wp-json\/wp\/v2\/comments?post=10952"}],"version-history":[{"count":0,"href":"https:\/\/agora.xtec.cat\/escolaestevebarrachina\/wp-json\/wp\/v2\/posts\/10952\/revisions"}],"wp:featuredmedia":[{"embeddable":true,"href":"https:\/\/agora.xtec.cat\/escolaestevebarrachina\/wp-json\/"}],"wp:attachment":[{"href":"https:\/\/agora.xtec.cat\/escolaestevebarrachina\/wp-json\/wp\/v2\/media?parent=10952"}],"wp:term":[{"taxonomy":"category","embeddable":true,"href":"https:\/\/agora.xtec.cat\/escolaestevebarrachina\/wp-json\/wp\/v2\/categories?post=10952"},{"taxonomy":"post_tag","embeddable":true,"href":"https:\/\/agora.xtec.cat\/escolaestevebarrachina\/wp-json\/wp\/v2\/tags?post=10952"}],"curies":[{"name":"wp","href":"https:\/\/api.w.org\/{rel}","templated":true}]}}