{"id":10913,"date":"2019-01-17T10:22:25","date_gmt":"2019-01-17T09:22:25","guid":{"rendered":"https:\/\/escolaestevebarrachina.cat\/?p=10913"},"modified":"2019-01-17T10:22:25","modified_gmt":"2019-01-17T09:22:25","slug":"campanya-de-donacio-de-sang-2019","status":"publish","type":"post","link":"https:\/\/agora.xtec.cat\/escolaestevebarrachina\/general\/campanya-de-donacio-de-sang-2019\/","title":{"rendered":"CAMPANYA DE DONACI\u00d3 DE SANG 2019"},"content":{"rendered":"<p>Englobat en les activitats de la CAMPANYA DE DONACI\u00d3 DE SANG, dilluns un grup d&#8217;alumnes de l&#8217;IES Ramon Benapr\u00e8s van venir a fer uns tallers pr\u00e0ctics amb els nostres nois i noies de sis\u00e8. El tema: el cor i la circulaci\u00f3 de la sang.<br \/>\nDATES DE LA DONACI\u00d3:<br \/>\nIES Ramon Benapr\u00e8s i Escola Miquel Utrillo: 17 de gener.<br \/>\nEscola Esteve Barrachina: 15 de febrer.<br \/>\nAnimeu-vos!!<\/p>\n<p><img loading=\"lazy\" decoding=\"async\" class=\"alignnone size-medium wp-image-10916\" src=\"https:\/\/escolaestevebarrachina.cat\/wp-content\/uploads\/2019\/01\/IMG_20190114_093831-300x225.jpg\" alt=\"\" width=\"300\" height=\"225\" \/> <img loading=\"lazy\" decoding=\"async\" class=\"alignnone size-medium wp-image-10917\" src=\"https:\/\/escolaestevebarrachina.cat\/wp-content\/uploads\/2019\/01\/IMG_20190114_101444-300x225.jpg\" alt=\"\" width=\"300\" height=\"225\" \/> <img loading=\"lazy\" decoding=\"async\" class=\"alignnone size-medium wp-image-10918\" src=\"https:\/\/escolaestevebarrachina.cat\/wp-content\/uploads\/2019\/01\/IMG_20190114_115940-300x225.jpg\" alt=\"\" width=\"300\" height=\"225\" \/> <img loading=\"lazy\" decoding=\"async\" class=\"alignnone size-medium wp-image-10919\" src=\"https:\/\/escolaestevebarrachina.cat\/wp-content\/uploads\/2019\/01\/IMG_20190114_120740-225x300.jpg\" alt=\"\" width=\"225\" height=\"300\" \/> <img loading=\"lazy\" decoding=\"async\" class=\"alignnone size-medium wp-image-10920\" src=\"https:\/\/escolaestevebarrachina.cat\/wp-content\/uploads\/2019\/01\/IMG_20190114_121430-225x300.jpg\" alt=\"\" width=\"225\" height=\"300\" \/> <img loading=\"lazy\" decoding=\"async\" class=\"alignnone size-medium wp-image-10921\" src=\"https:\/\/escolaestevebarrachina.cat\/wp-content\/uploads\/2019\/01\/IMG_20190114_121626-225x300.jpg\" alt=\"\" width=\"225\" height=\"300\" \/><\/p>\n","protected":false},"excerpt":{"rendered":"<p>Englobat en les activitats de la CAMPANYA DE DONACI\u00d3 DE SANG, dilluns un grup d&#8217;alumnes de l&#8217;IES Ramon Benapr\u00e8s van venir a fer uns tallers pr\u00e0ctics amb els nostres nois i noies de sis\u00e8. El tema: el cor i la circulaci\u00f3 de la sang.<br \/>\nDATES DE&hellip;  <a href=\"https:\/\/agora.xtec.cat\/escolaestevebarrachina\/general\/campanya-de-donacio-de-sang-2019\/\" title=\"Read CAMPANYA DE DONACI\u00d3 DE SANG 2019\">Llegeix m\u00e9s\u00bb<\/a><\/p>\n","protected":false},"author":1,"featured_media":10920,"comment_status":"open","ping_status":"open","sticky":false,"template":"","format":"standard","meta":{"_bbp_topic_count":0,"_bbp_reply_count":0,"_bbp_total_topic_count":0,"_bbp_total_reply_count":0,"_bbp_voice_count":0,"_bbp_anonymous_reply_count":0,"_bbp_topic_count_hidden":0,"_bbp_reply_count_hidden":0,"_bbp_forum_subforum_count":0,"footnotes":""},"categories":[84,86,1,145],"tags":[],"class_list":["post-10913","post","type-post","status-publish","format-standard","has-post-thumbnail","hentry","category-activitats-del-centre","category-blog","category-general","category-primaria"],"post_mailing_queue_ids":[],"_links":{"self":[{"href":"https:\/\/agora.xtec.cat\/escolaestevebarrachina\/wp-json\/wp\/v2\/posts\/10913","targetHints":{"allow":["GET"]}}],"collection":[{"href":"https:\/\/agora.xtec.cat\/escolaestevebarrachina\/wp-json\/wp\/v2\/posts"}],"about":[{"href":"https:\/\/agora.xtec.cat\/escolaestevebarrachina\/wp-json\/wp\/v2\/types\/post"}],"author":[{"embeddable":true,"href":"https:\/\/agora.xtec.cat\/escolaestevebarrachina\/wp-json\/wp\/v2\/users\/1"}],"replies":[{"embeddable":true,"href":"https:\/\/agora.xtec.cat\/escolaestevebarrachina\/wp-json\/wp\/v2\/comments?post=10913"}],"version-history":[{"count":0,"href":"https:\/\/agora.xtec.cat\/escolaestevebarrachina\/wp-json\/wp\/v2\/posts\/10913\/revisions"}],"wp:featuredmedia":[{"embeddable":true,"href":"https:\/\/agora.xtec.cat\/escolaestevebarrachina\/wp-json\/"}],"wp:attachment":[{"href":"https:\/\/agora.xtec.cat\/escolaestevebarrachina\/wp-json\/wp\/v2\/media?parent=10913"}],"wp:term":[{"taxonomy":"category","embeddable":true,"href":"https:\/\/agora.xtec.cat\/escolaestevebarrachina\/wp-json\/wp\/v2\/categories?post=10913"},{"taxonomy":"post_tag","embeddable":true,"href":"https:\/\/agora.xtec.cat\/escolaestevebarrachina\/wp-json\/wp\/v2\/tags?post=10913"}],"curies":[{"name":"wp","href":"https:\/\/api.w.org\/{rel}","templated":true}]}}