{"id":10881,"date":"2019-01-21T02:05:04","date_gmt":"2019-01-21T01:05:04","guid":{"rendered":"https:\/\/escolaestevebarrachina.cat\/?p=10881"},"modified":"2019-01-21T02:05:04","modified_gmt":"2019-01-21T01:05:04","slug":"nadal-a-infantil","status":"publish","type":"post","link":"https:\/\/agora.xtec.cat\/escolaestevebarrachina\/general\/nadal-a-infantil\/","title":{"rendered":"NADAL A INFANTIL"},"content":{"rendered":"<p>Nadal ja ha passat per\u00f2 ens queda el record d&#8217;uns dies on els nens i les nenes han gaudit de valent i han viscut la m\u00e0gia d&#8217;aquests moments. Us deixem un recull de les activitats que vam dur a terme per celebrar aquesta festa amb els m\u00e9s petits de l&#8217;escola.<\/p>\n<p style=\"text-align: center;\"><strong>TI\u00d3<\/strong><\/p>\n<p>A P3 vam buscar les peces d&#8217;un puzzle que formava la imatge del nostre Ti\u00f3, el qual vam trobar a on estava la \u00faltima pe\u00e7a.<a href=\"https:\/\/drive.google.com\/drive\/folders\/1-FeNWAW93C9mynCRa5JTM5kETyXqjdkG?usp=sharing\"><img loading=\"lazy\" decoding=\"async\" class=\"wp-image-10929  aligncenter\" src=\"https:\/\/escolaestevebarrachina.cat\/wp-content\/uploads\/2019\/01\/IMG_20181214_102712-e1548030638834.jpg\" alt=\"\" width=\"641\" height=\"360\" \/><\/a><\/p>\n<p>&nbsp;<\/p>\n<p>A P4 van interpretar un mapa que els hi deia a on estava amagat.<br \/>\n<a href=\"https:\/\/drive.google.com\/open?id=1-EnDYofU1Unmleu_njJmRlNWHCV9tic6\"><img loading=\"lazy\" decoding=\"async\" class=\"wp-image-10931 size-full aligncenter\" src=\"https:\/\/escolaestevebarrachina.cat\/wp-content\/uploads\/2019\/01\/IMG_20181214_105411_725-e1548030682468.jpg\" alt=\"\" width=\"360\" height=\"480\" \/><\/a><\/p>\n<p>&nbsp;<\/p>\n<p>A P5 el van buscar per tota l&#8217;escola a mida que anaven trobant pistes i passant algunes proves.<br \/>\n<a href=\"https:\/\/drive.google.com\/open?id=1-HABvs2jiF-EjxXy98sU-fawsukx6PLb\"><img loading=\"lazy\" decoding=\"async\" class=\"aligncenter wp-image-10930 \" src=\"https:\/\/escolaestevebarrachina.cat\/wp-content\/uploads\/2019\/01\/IMG_1482-e1548030722615.jpg\" alt=\"\" width=\"640\" height=\"480\" \/><\/a><\/p>\n<p>&nbsp;<\/p>\n<p style=\"text-align: center;\"><strong>PATGE<\/strong><\/p>\n<p style=\"text-align: center;\">El Patge Reial ens va visitar i va recollir les nostres cartes per fer-les arribar directament als Reis Mags d&#8217;Orient. Vam poder tocar els seus guants m\u00e0gics! Amb els que reparteixen toooooots els regals. Va ser emocionant&#8230;<\/p>\n<p><a href=\"https:\/\/drive.google.com\/open?id=1-IYOv7-Z0KsxhvNMPQi0g52KyvlndbvX\"><img loading=\"lazy\" decoding=\"async\" class=\"wp-image-10936 size-full aligncenter\" src=\"https:\/\/escolaestevebarrachina.cat\/wp-content\/uploads\/2019\/01\/IMG_20181219_152403-e1548032504103.jpg\" alt=\"\" width=\"630\" height=\"473\" \/><\/a><\/p>\n<p>&nbsp;<\/p>\n","protected":false},"excerpt":{"rendered":"<p>Nadal ja ha passat per\u00f2 ens queda el record d&#8217;uns dies on els nens i les nenes han gaudit de valent i han viscut la m\u00e0gia d&#8217;aquests moments. Us deixem un recull de les activitats que vam dur a terme per celebrar aquesta festa amb&hellip;  <a href=\"https:\/\/agora.xtec.cat\/escolaestevebarrachina\/general\/nadal-a-infantil\/\" title=\"Read NADAL A INFANTIL\">Llegeix m\u00e9s\u00bb<\/a><\/p>\n","protected":false},"author":1,"featured_media":10936,"comment_status":"open","ping_status":"open","sticky":false,"template":"","format":"standard","meta":{"_bbp_topic_count":0,"_bbp_reply_count":0,"_bbp_total_topic_count":0,"_bbp_total_reply_count":0,"_bbp_voice_count":0,"_bbp_anonymous_reply_count":0,"_bbp_topic_count_hidden":0,"_bbp_reply_count_hidden":0,"_bbp_forum_subforum_count":0,"footnotes":""},"categories":[84,86,1,163,88],"tags":[],"class_list":["post-10881","post","type-post","status-publish","format-standard","has-post-thumbnail","hentry","category-activitats-del-centre","category-blog","category-general","category-i-tots-junts-fem","category-educacio-infantil"],"post_mailing_queue_ids":[],"_links":{"self":[{"href":"https:\/\/agora.xtec.cat\/escolaestevebarrachina\/wp-json\/wp\/v2\/posts\/10881","targetHints":{"allow":["GET"]}}],"collection":[{"href":"https:\/\/agora.xtec.cat\/escolaestevebarrachina\/wp-json\/wp\/v2\/posts"}],"about":[{"href":"https:\/\/agora.xtec.cat\/escolaestevebarrachina\/wp-json\/wp\/v2\/types\/post"}],"author":[{"embeddable":true,"href":"https:\/\/agora.xtec.cat\/escolaestevebarrachina\/wp-json\/wp\/v2\/users\/1"}],"replies":[{"embeddable":true,"href":"https:\/\/agora.xtec.cat\/escolaestevebarrachina\/wp-json\/wp\/v2\/comments?post=10881"}],"version-history":[{"count":0,"href":"https:\/\/agora.xtec.cat\/escolaestevebarrachina\/wp-json\/wp\/v2\/posts\/10881\/revisions"}],"wp:featuredmedia":[{"embeddable":true,"href":"https:\/\/agora.xtec.cat\/escolaestevebarrachina\/wp-json\/"}],"wp:attachment":[{"href":"https:\/\/agora.xtec.cat\/escolaestevebarrachina\/wp-json\/wp\/v2\/media?parent=10881"}],"wp:term":[{"taxonomy":"category","embeddable":true,"href":"https:\/\/agora.xtec.cat\/escolaestevebarrachina\/wp-json\/wp\/v2\/categories?post=10881"},{"taxonomy":"post_tag","embeddable":true,"href":"https:\/\/agora.xtec.cat\/escolaestevebarrachina\/wp-json\/wp\/v2\/tags?post=10881"}],"curies":[{"name":"wp","href":"https:\/\/api.w.org\/{rel}","templated":true}]}}