{"id":11379,"date":"2026-01-28T13:52:14","date_gmt":"2026-01-28T12:52:14","guid":{"rendered":"https:\/\/agora.xtec.cat\/escolaespronceda\/?p=11379"},"modified":"2026-02-05T14:24:56","modified_gmt":"2026-02-05T13:24:56","slug":"sortida-a-la-farandula-un-instrument-anomenat-orquestra","status":"publish","type":"post","link":"https:\/\/agora.xtec.cat\/escolaespronceda\/general\/sortida-a-la-farandula-un-instrument-anomenat-orquestra\/","title":{"rendered":"SORTIDA A LA FAR\u00c1NDULA &#8211; UN INSTRUMENT ANOMENAT ORQUESTRA"},"content":{"rendered":"<p><span style=\"font-weight: 400;\">El passat dijous 15 de gener l\u2019alumnat de 4t vam anar al Teatre La Far\u00e0ndula per assistir a l\u2019obra <\/span><b>\u201cUn instrument anomenat orquestra\u201d<\/b><span style=\"font-weight: 400;\">, vinculada al projecte <\/span><b>Acordant <\/b><span style=\"font-weight: 400;\">que estem treballant a l\u2019escola, on aprenem a tocar el viol\u00ed i el violoncel.<a href=\"https:\/\/agora.xtec.cat\/escolaespronceda\/wp-content\/uploads\/usu1464\/2026\/01\/IMG_2726.jpg\"><img loading=\"lazy\" decoding=\"async\" class=\"wp-image-11380 alignleft\" src=\"https:\/\/agora.xtec.cat\/escolaespronceda\/wp-content\/uploads\/usu1464\/2026\/01\/IMG_2726-837x1024.jpg\" alt=\"\" width=\"183\" height=\"224\" srcset=\"https:\/\/agora.xtec.cat\/escolaespronceda\/wp-content\/uploads\/usu1464\/2026\/01\/IMG_2726-837x1024.jpg 837w, https:\/\/agora.xtec.cat\/escolaespronceda\/wp-content\/uploads\/usu1464\/2026\/01\/IMG_2726-245x300.jpg 245w, https:\/\/agora.xtec.cat\/escolaespronceda\/wp-content\/uploads\/usu1464\/2026\/01\/IMG_2726-768x940.jpg 768w, https:\/\/agora.xtec.cat\/escolaespronceda\/wp-content\/uploads\/usu1464\/2026\/01\/IMG_2726.jpg 1043w\" sizes=\"auto, (max-width: 183px) 100vw, 183px\" \/><\/a><\/span><\/p>\n<p><span style=\"font-weight: 400;\">Durant l\u2019espectacle vam descobrir les diferents fam\u00edlies d\u2019instruments de l\u2019orquestra: <\/span><b>corda, vent-fusta, vent-metall i percussi\u00f3<\/b><span style=\"font-weight: 400;\">, aix\u00ed com les seves<\/span><b> tonalitats<\/b><span style=\"font-weight: 400;\">, des dels sons m\u00e9s greus fins als m\u00e9s aguts.\u00a0<\/span><\/p>\n<p><span style=\"font-weight: 400;\">Tamb\u00e9 vam con\u00e8ixer la figura tan important del <\/span><b>director o directora d\u2019orquestra<\/b><span style=\"font-weight: 400;\"> i el paper del <\/span><b>viol\u00ed concertino<\/b><span style=\"font-weight: 400;\">, encarregat d\u2019afinar la resta d\u2019instruments de corda.\u00a0<\/span><\/p>\n<p><span style=\"font-weight: 400;\">Ens van interpretar peces musicals molt conegudes, que vam gaudir molt\u00edssim i que ens van ajudar a entendre millor el funcionament d\u2019una orquestra. A m\u00e9s a m\u00e9s, vam recon\u00e8ixer els mestres que venen a ensenyar-los a l\u2019escola i ens va fer molta il\u00b7lusi\u00f3!!!<\/span><\/p>\n<p><span style=\"font-weight: 400;\">Despr\u00e9s de la funci\u00f3, vam anar al parc del centre de Sabadell per esmorzar i jugar una estona, acabant de passar un <\/span><b>mat\u00ed molt entretingut i enriquidor.<\/b><\/p>\n","protected":false},"excerpt":{"rendered":"<p>El passat dijous 15 de gener l\u2019alumnat de 4t vam anar al Teatre La Far\u00e0ndula per assistir a l\u2019obra \u201cUn instrument anomenat orquestra\u201d, vinculada al projecte Acordant que estem treballant a l\u2019escola, on aprenem a tocar el viol\u00ed i el violoncel.<a href=\"https:\/\/agora.xtec.cat\/escolaespronceda\/wp-content\/uploads\/usu1464\/2026\/01\/IMG_2726.jpg\"><\/a><br \/>\nDurant l\u2019espectacle vam descobrir&hellip;  <a href=\"https:\/\/agora.xtec.cat\/escolaespronceda\/general\/sortida-a-la-farandula-un-instrument-anomenat-orquestra\/\" title=\"Read SORTIDA A LA FAR\u00c1NDULA &#8211; UN INSTRUMENT ANOMENAT ORQUESTRA\">Llegeix m\u00e9s\u00bb<\/a><\/p>\n","protected":false},"author":109,"featured_media":11380,"comment_status":"open","ping_status":"open","sticky":false,"template":"","format":"standard","meta":{"_bbp_topic_count":0,"_bbp_reply_count":0,"_bbp_total_topic_count":0,"_bbp_total_reply_count":0,"_bbp_voice_count":0,"_bbp_anonymous_reply_count":0,"_bbp_topic_count_hidden":0,"_bbp_reply_count_hidden":0,"_bbp_forum_subforum_count":0,"footnotes":""},"categories":[13,69,540,1,4],"tags":[],"class_list":["post-11379","post","type-post","status-publish","format-standard","has-post-thumbnail","hentry","category-4t","category-cicle-mitja","category-curs-2025-2026","category-general","category-portada"],"post_mailing_queue_ids":[],"_links":{"self":[{"href":"https:\/\/agora.xtec.cat\/escolaespronceda\/wp-json\/wp\/v2\/posts\/11379","targetHints":{"allow":["GET"]}}],"collection":[{"href":"https:\/\/agora.xtec.cat\/escolaespronceda\/wp-json\/wp\/v2\/posts"}],"about":[{"href":"https:\/\/agora.xtec.cat\/escolaespronceda\/wp-json\/wp\/v2\/types\/post"}],"author":[{"embeddable":true,"href":"https:\/\/agora.xtec.cat\/escolaespronceda\/wp-json\/wp\/v2\/users\/109"}],"replies":[{"embeddable":true,"href":"https:\/\/agora.xtec.cat\/escolaespronceda\/wp-json\/wp\/v2\/comments?post=11379"}],"version-history":[{"count":1,"href":"https:\/\/agora.xtec.cat\/escolaespronceda\/wp-json\/wp\/v2\/posts\/11379\/revisions"}],"predecessor-version":[{"id":11381,"href":"https:\/\/agora.xtec.cat\/escolaespronceda\/wp-json\/wp\/v2\/posts\/11379\/revisions\/11381"}],"wp:featuredmedia":[{"embeddable":true,"href":"https:\/\/agora.xtec.cat\/escolaespronceda\/wp-json\/wp\/v2\/media\/11380"}],"wp:attachment":[{"href":"https:\/\/agora.xtec.cat\/escolaespronceda\/wp-json\/wp\/v2\/media?parent=11379"}],"wp:term":[{"taxonomy":"category","embeddable":true,"href":"https:\/\/agora.xtec.cat\/escolaespronceda\/wp-json\/wp\/v2\/categories?post=11379"},{"taxonomy":"post_tag","embeddable":true,"href":"https:\/\/agora.xtec.cat\/escolaespronceda\/wp-json\/wp\/v2\/tags?post=11379"}],"curies":[{"name":"wp","href":"https:\/\/api.w.org\/{rel}","templated":true}]}}