{"id":11310,"date":"2025-11-05T15:38:46","date_gmt":"2025-11-05T14:38:46","guid":{"rendered":"https:\/\/agora.xtec.cat\/escolaespronceda\/?p=11310"},"modified":"2026-01-16T10:27:48","modified_gmt":"2026-01-16T09:27:48","slug":"6e-i-les-colonies-a-la-carral-2025-26","status":"publish","type":"post","link":"https:\/\/agora.xtec.cat\/escolaespronceda\/general\/6e-i-les-colonies-a-la-carral-2025-26\/","title":{"rendered":"6\u00e8 i les col\u00f2nies a La Carral 2025-26"},"content":{"rendered":"<p data-start=\"42\" data-end=\"315\">Els alumnes de <strong data-start=\"57\" data-end=\"75\">6\u00e8 de prim\u00e0ria<\/strong> van gaudir d\u2019uns dies de col\u00f2nies a <strong data-start=\"112\" data-end=\"153\"><span class=\"hover:entity-accent entity-underline inline cursor-pointer align-baseline\"><span class=\"whitespace-normal\">La Carral<\/span><\/span><\/strong> els passats <strong data-start=\"166\" data-end=\"191\">29, 30 i 31 d\u2019octubre<\/strong>, una experi\u00e8ncia molt especial que va servir per refor\u00e7ar els vincles del grup i viure moments inoblidables fora de l\u2019aula.<\/p>\n<p data-start=\"317\" data-end=\"647\">Durant l\u2019estada, els infants van participar en <strong data-start=\"364\" data-end=\"414\">activitats l\u00fadiques, cooperatives i de cohesi\u00f3<\/strong>, pensades per fomentar el treball en equip, la confian\u00e7a i el respecte mutu. A trav\u00e9s de jocs, reptes compartits i din\u00e0miques de grup, van aprendre a ajudar-se, escoltar-se i gaudir del temps plegats en un entorn diferent i natural.<\/p>\n<p data-start=\"649\" data-end=\"940\">Les col\u00f2nies tamb\u00e9 van ser una oportunitat per <strong data-start=\"696\" data-end=\"720\">cr\u00e9ixer personalment<\/strong>, guanyar autonomia i compartir viv\u00e8ncies amb els companys i companyes, tot creant records que segur que perduraran en el temps. Les rialles, les complicitats i el bon ambient van ser constants al llarg de tots els dies.<\/p>\n<p data-start=\"942\" data-end=\"1147\" data-is-last-node=\"\" data-is-only-node=\"\">Sens dubte, l\u2019experi\u00e8ncia a La Carral va ser <strong data-start=\"987\" data-end=\"1018\">molt positiva i enriquidora<\/strong>, i els alumnes s\u2019ho van passar d\u2019all\u00f2 m\u00e9s b\u00e9, tornant amb la motxilla plena d\u2019emocions, aprenentatges i bons moments compartits.<\/p>\n<p data-start=\"942\" data-end=\"1147\" data-is-last-node=\"\" data-is-only-node=\"\">\r\n\t<div class=\"slideshow_container slideshow_container_style-light\" style=\"height: 450px; \" data-slideshow-id=\"11312\" data-style-name=\"style-light\" data-style-version=\"2.3.1\" >\r\n\r\n\t\t\t\t\t<div class=\"slideshow_loading_icon\"><\/div>\r\n\t\t\r\n\t\t<div class=\"slideshow_content\" style=\"display: none;\">\r\n\r\n\t\t\t<div class=\"slideshow_view\">\r\n\t\t\t\t<div class=\"slideshow_slide slideshow_slide_image\">\r\n\t\t\t\t\t\t\t\t\t\t\t<img src=\"https:\/\/agora.xtec.cat\/escolaespronceda\/wp-content\/uploads\/usu1464\/2026\/01\/IMG_1400-scaled.jpg\" alt=\"IMG_1400\" width=\"1920\" height=\"2560\" \/>\r\n\t\t\t\t\t\t\t\t\t\t<div class=\"slideshow_description_box slideshow_transparent\">\r\n\t\t\t\t\t\t<div class=\"slideshow_title\">IMG_1400<\/div>\t\t\t\t\t\t\t\t\t\t\t<\/div>\r\n\t\t\t\t<\/div>\r\n\r\n\t\t\t\t\t\t<div style=\"clear: both;\"><\/div><\/div><div class=\"slideshow_view\">\r\n\t\t\t\t<div class=\"slideshow_slide slideshow_slide_image\">\r\n\t\t\t\t\t\t\t\t\t\t\t<img src=\"https:\/\/agora.xtec.cat\/escolaespronceda\/wp-content\/uploads\/usu1464\/2026\/01\/IMG_1280-scaled.jpg\" alt=\"IMG_1280\" width=\"1920\" height=\"2560\" \/>\r\n\t\t\t\t\t\t\t\t\t\t<div class=\"slideshow_description_box slideshow_transparent\">\r\n\t\t\t\t\t\t<div class=\"slideshow_title\">IMG_1280<\/div>\t\t\t\t\t\t\t\t\t\t\t<\/div>\r\n\t\t\t\t<\/div>\r\n\r\n\t\t\t\t\t\t<div style=\"clear: both;\"><\/div><\/div><div class=\"slideshow_view\">\r\n\t\t\t\t<div class=\"slideshow_slide slideshow_slide_image\">\r\n\t\t\t\t\t\t\t\t\t\t\t<img src=\"https:\/\/agora.xtec.cat\/escolaespronceda\/wp-content\/uploads\/usu1464\/2026\/01\/IMG_1217-scaled.jpg\" alt=\"IMG_1217\" width=\"2560\" height=\"1237\" \/>\r\n\t\t\t\t\t\t\t\t\t\t<div class=\"slideshow_description_box slideshow_transparent\">\r\n\t\t\t\t\t\t<div class=\"slideshow_title\">IMG_1217<\/div>\t\t\t\t\t\t\t\t\t\t\t<\/div>\r\n\t\t\t\t<\/div>\r\n\r\n\t\t\t\t\t\t<div style=\"clear: both;\"><\/div><\/div><div class=\"slideshow_view\">\r\n\t\t\t\t<div class=\"slideshow_slide slideshow_slide_image\">\r\n\t\t\t\t\t\t\t\t\t\t\t<img src=\"https:\/\/agora.xtec.cat\/escolaespronceda\/wp-content\/uploads\/usu1464\/2026\/01\/IMG_1212-scaled.jpg\" alt=\"IMG_1212\" width=\"1920\" height=\"2560\" \/>\r\n\t\t\t\t\t\t\t\t\t\t<div class=\"slideshow_description_box slideshow_transparent\">\r\n\t\t\t\t\t\t<div class=\"slideshow_title\">IMG_1212<\/div>\t\t\t\t\t\t\t\t\t\t\t<\/div>\r\n\t\t\t\t<\/div>\r\n\r\n\t\t\t\t\t\t<div style=\"clear: both;\"><\/div><\/div><div class=\"slideshow_view\">\r\n\t\t\t\t<div class=\"slideshow_slide slideshow_slide_image\">\r\n\t\t\t\t\t\t\t\t\t\t\t<img src=\"https:\/\/agora.xtec.cat\/escolaespronceda\/wp-content\/uploads\/usu1464\/2026\/01\/IMG_1207.jpg\" alt=\"IMG_1207\" width=\"2212\" height=\"1676\" \/>\r\n\t\t\t\t\t\t\t\t\t\t<div class=\"slideshow_description_box slideshow_transparent\">\r\n\t\t\t\t\t\t<div class=\"slideshow_title\">IMG_1207<\/div>\t\t\t\t\t\t\t\t\t\t\t<\/div>\r\n\t\t\t\t<\/div>\r\n\r\n\t\t\t\t\t\t<div style=\"clear: both;\"><\/div><\/div><div class=\"slideshow_view\">\r\n\t\t\t\t<div class=\"slideshow_slide slideshow_slide_image\">\r\n\t\t\t\t\t\t\t\t\t\t\t<img src=\"https:\/\/agora.xtec.cat\/escolaespronceda\/wp-content\/uploads\/usu1464\/2026\/01\/IMG_1203-scaled.jpg\" alt=\"IMG_1203\" width=\"2560\" height=\"1896\" \/>\r\n\t\t\t\t\t\t\t\t\t\t<div class=\"slideshow_description_box slideshow_transparent\">\r\n\t\t\t\t\t\t<div class=\"slideshow_title\">IMG_1203<\/div>\t\t\t\t\t\t\t\t\t\t\t<\/div>\r\n\t\t\t\t<\/div>\r\n\r\n\t\t\t\t\t\t<div style=\"clear: both;\"><\/div><\/div><div class=\"slideshow_view\">\r\n\t\t\t\t<div class=\"slideshow_slide slideshow_slide_image\">\r\n\t\t\t\t\t\t\t\t\t\t\t<img src=\"https:\/\/agora.xtec.cat\/escolaespronceda\/wp-content\/uploads\/usu1464\/2026\/01\/IMG_1199-scaled.jpg\" alt=\"IMG_1199\" width=\"2560\" height=\"1752\" \/>\r\n\t\t\t\t\t\t\t\t\t\t<div class=\"slideshow_description_box slideshow_transparent\">\r\n\t\t\t\t\t\t<div class=\"slideshow_title\">IMG_1199<\/div>\t\t\t\t\t\t\t\t\t\t\t<\/div>\r\n\t\t\t\t<\/div>\r\n\r\n\t\t\t\t\t\t<div style=\"clear: both;\"><\/div><\/div>\r\n\t\t<\/div>\r\n\r\n\t\t<div class=\"slideshow_controlPanel slideshow_transparent\" style=\"display: none;\"><ul><li class=\"slideshow_togglePlay\" data-play-text=\"Visualitza\" data-pause-text=\"Pausa\"><\/li><\/ul><\/div>\r\n\r\n\t\t<div class=\"slideshow_button slideshow_previous slideshow_transparent\" role=\"button\" data-previous-text=\"Anterior\" style=\"display: none;\"><\/div>\r\n\t\t<div class=\"slideshow_button slideshow_next slideshow_transparent\" role=\"button\" data-next-text=\"Seg\u00fcent\" style=\"display: none;\"><\/div>\r\n\r\n\t\t<div class=\"slideshow_pagination\" style=\"display: none;\" data-go-to-text=\"V\u00e9s a la diapositiva\"><div class=\"slideshow_pagination_center\"><\/div><\/div>\r\n\r\n\t\t<!-- WordPress Slideshow Version 2.3.1 -->\r\n\r\n\t\t\t<\/div>\r\n\r\n<\/p>\n","protected":false},"excerpt":{"rendered":"<p>Els alumnes de 6\u00e8 de prim\u00e0ria van gaudir d\u2019uns dies de col\u00f2nies a La Carral els passats 29, 30 i 31 d\u2019octubre, una experi\u00e8ncia molt especial que va servir per refor\u00e7ar els vincles del grup i viure moments inoblidables fora de l\u2019aula.<br \/>\nDurant l\u2019estada, els infants&hellip;  <a href=\"https:\/\/agora.xtec.cat\/escolaespronceda\/general\/6e-i-les-colonies-a-la-carral-2025-26\/\" title=\"Read 6\u00e8 i les col\u00f2nies a La Carral 2025-26\">Llegeix m\u00e9s\u00bb<\/a><\/p>\n","protected":false},"author":1,"featured_media":11318,"comment_status":"open","ping_status":"open","sticky":false,"template":"","format":"standard","meta":{"_bbp_topic_count":0,"_bbp_reply_count":0,"_bbp_total_topic_count":0,"_bbp_total_reply_count":0,"_bbp_voice_count":0,"_bbp_anonymous_reply_count":0,"_bbp_topic_count_hidden":0,"_bbp_reply_count_hidden":0,"_bbp_forum_subforum_count":0,"footnotes":""},"categories":[15,540,1,4],"tags":[],"class_list":["post-11310","post","type-post","status-publish","format-standard","has-post-thumbnail","hentry","category-6e","category-curs-2025-2026","category-general","category-portada"],"post_mailing_queue_ids":[],"_links":{"self":[{"href":"https:\/\/agora.xtec.cat\/escolaespronceda\/wp-json\/wp\/v2\/posts\/11310","targetHints":{"allow":["GET"]}}],"collection":[{"href":"https:\/\/agora.xtec.cat\/escolaespronceda\/wp-json\/wp\/v2\/posts"}],"about":[{"href":"https:\/\/agora.xtec.cat\/escolaespronceda\/wp-json\/wp\/v2\/types\/post"}],"author":[{"embeddable":true,"href":"https:\/\/agora.xtec.cat\/escolaespronceda\/wp-json\/wp\/v2\/users\/1"}],"replies":[{"embeddable":true,"href":"https:\/\/agora.xtec.cat\/escolaespronceda\/wp-json\/wp\/v2\/comments?post=11310"}],"version-history":[{"count":2,"href":"https:\/\/agora.xtec.cat\/escolaespronceda\/wp-json\/wp\/v2\/posts\/11310\/revisions"}],"predecessor-version":[{"id":11320,"href":"https:\/\/agora.xtec.cat\/escolaespronceda\/wp-json\/wp\/v2\/posts\/11310\/revisions\/11320"}],"wp:featuredmedia":[{"embeddable":true,"href":"https:\/\/agora.xtec.cat\/escolaespronceda\/wp-json\/wp\/v2\/media\/11318"}],"wp:attachment":[{"href":"https:\/\/agora.xtec.cat\/escolaespronceda\/wp-json\/wp\/v2\/media?parent=11310"}],"wp:term":[{"taxonomy":"category","embeddable":true,"href":"https:\/\/agora.xtec.cat\/escolaespronceda\/wp-json\/wp\/v2\/categories?post=11310"},{"taxonomy":"post_tag","embeddable":true,"href":"https:\/\/agora.xtec.cat\/escolaespronceda\/wp-json\/wp\/v2\/tags?post=11310"}],"curies":[{"name":"wp","href":"https:\/\/api.w.org\/{rel}","templated":true}]}}