{"id":8152,"date":"2024-02-21T11:28:34","date_gmt":"2024-02-21T10:28:34","guid":{"rendered":"https:\/\/agora.xtec.cat\/escolaenxaneta\/?p=8152"},"modified":"2024-02-21T11:28:34","modified_gmt":"2024-02-21T10:28:34","slug":"coneixem-el-nostre-entorn","status":"publish","type":"post","link":"https:\/\/agora.xtec.cat\/escolaenxaneta\/blocs\/educacio-primaria\/coneixem-el-nostre-entorn\/","title":{"rendered":"Coneixem el nostre entorn"},"content":{"rendered":"<p><span style=\"font-weight: 400;\">Els nens i nenes de 3r investiguem el nostre entorn m\u00e9s proper, a trav\u00e9s de l&#8217;observaci\u00f3, experimentaci\u00f3 i recollida d\u2019informaci\u00f3.\u00a0<\/span><\/p>\n<p><a href=\"https:\/\/agora.xtec.cat\/escolaenxaneta\/wp-content\/uploads\/usu720\/2024\/02\/IMG_20240129_161942-scaled.jpg\"><img loading=\"lazy\" decoding=\"async\" class=\"alignnone size-large wp-image-8144\" src=\"https:\/\/agora.xtec.cat\/escolaenxaneta\/wp-content\/uploads\/usu720\/2024\/02\/IMG_20240129_161942-1024x768.jpg\" alt=\"\" width=\"1024\" height=\"768\" srcset=\"https:\/\/agora.xtec.cat\/escolaenxaneta\/wp-content\/uploads\/usu720\/2024\/02\/IMG_20240129_161942-1024x768.jpg 1024w, https:\/\/agora.xtec.cat\/escolaenxaneta\/wp-content\/uploads\/usu720\/2024\/02\/IMG_20240129_161942-300x225.jpg 300w, https:\/\/agora.xtec.cat\/escolaenxaneta\/wp-content\/uploads\/usu720\/2024\/02\/IMG_20240129_161942-768x576.jpg 768w, https:\/\/agora.xtec.cat\/escolaenxaneta\/wp-content\/uploads\/usu720\/2024\/02\/IMG_20240129_161942-1536x1152.jpg 1536w, https:\/\/agora.xtec.cat\/escolaenxaneta\/wp-content\/uploads\/usu720\/2024\/02\/IMG_20240129_161942-2048x1536.jpg 2048w, https:\/\/agora.xtec.cat\/escolaenxaneta\/wp-content\/uploads\/usu720\/2024\/02\/IMG_20240129_161942-200x150.jpg 200w\" sizes=\"auto, (max-width: 1024px) 100vw, 1024px\" \/><\/a><a href=\"https:\/\/agora.xtec.cat\/escolaenxaneta\/wp-content\/uploads\/usu720\/2024\/02\/Medi-scaled.jpg\"><img loading=\"lazy\" decoding=\"async\" class=\"alignnone size-large wp-image-8153\" src=\"https:\/\/agora.xtec.cat\/escolaenxaneta\/wp-content\/uploads\/usu720\/2024\/02\/Medi-1024x852.jpg\" alt=\"\" width=\"1024\" height=\"852\" srcset=\"https:\/\/agora.xtec.cat\/escolaenxaneta\/wp-content\/uploads\/usu720\/2024\/02\/Medi-1024x852.jpg 1024w, https:\/\/agora.xtec.cat\/escolaenxaneta\/wp-content\/uploads\/usu720\/2024\/02\/Medi-300x250.jpg 300w, https:\/\/agora.xtec.cat\/escolaenxaneta\/wp-content\/uploads\/usu720\/2024\/02\/Medi-768x639.jpg 768w, https:\/\/agora.xtec.cat\/escolaenxaneta\/wp-content\/uploads\/usu720\/2024\/02\/Medi-1536x1278.jpg 1536w, https:\/\/agora.xtec.cat\/escolaenxaneta\/wp-content\/uploads\/usu720\/2024\/02\/Medi-2048x1704.jpg 2048w\" sizes=\"auto, (max-width: 1024px) 100vw, 1024px\" \/><\/a> <a href=\"https:\/\/agora.xtec.cat\/escolaenxaneta\/wp-content\/uploads\/usu720\/2024\/02\/Medi-1-scaled.jpg\"><img loading=\"lazy\" decoding=\"async\" class=\"alignnone size-large wp-image-8154\" src=\"https:\/\/agora.xtec.cat\/escolaenxaneta\/wp-content\/uploads\/usu720\/2024\/02\/Medi-1-1024x768.jpg\" alt=\"\" width=\"1024\" height=\"768\" srcset=\"https:\/\/agora.xtec.cat\/escolaenxaneta\/wp-content\/uploads\/usu720\/2024\/02\/Medi-1-1024x768.jpg 1024w, https:\/\/agora.xtec.cat\/escolaenxaneta\/wp-content\/uploads\/usu720\/2024\/02\/Medi-1-300x225.jpg 300w, https:\/\/agora.xtec.cat\/escolaenxaneta\/wp-content\/uploads\/usu720\/2024\/02\/Medi-1-768x576.jpg 768w, https:\/\/agora.xtec.cat\/escolaenxaneta\/wp-content\/uploads\/usu720\/2024\/02\/Medi-1-1536x1152.jpg 1536w, https:\/\/agora.xtec.cat\/escolaenxaneta\/wp-content\/uploads\/usu720\/2024\/02\/Medi-1-2048x1536.jpg 2048w, https:\/\/agora.xtec.cat\/escolaenxaneta\/wp-content\/uploads\/usu720\/2024\/02\/Medi-1-200x150.jpg 200w\" sizes=\"auto, (max-width: 1024px) 100vw, 1024px\" \/><\/a> <a href=\"https:\/\/agora.xtec.cat\/escolaenxaneta\/wp-content\/uploads\/usu720\/2024\/02\/Medi-2-scaled.jpg\"><img loading=\"lazy\" decoding=\"async\" class=\"alignnone size-large wp-image-8155\" src=\"https:\/\/agora.xtec.cat\/escolaenxaneta\/wp-content\/uploads\/usu720\/2024\/02\/Medi-2-1024x768.jpg\" alt=\"\" width=\"1024\" height=\"768\" srcset=\"https:\/\/agora.xtec.cat\/escolaenxaneta\/wp-content\/uploads\/usu720\/2024\/02\/Medi-2-1024x768.jpg 1024w, https:\/\/agora.xtec.cat\/escolaenxaneta\/wp-content\/uploads\/usu720\/2024\/02\/Medi-2-300x225.jpg 300w, https:\/\/agora.xtec.cat\/escolaenxaneta\/wp-content\/uploads\/usu720\/2024\/02\/Medi-2-768x576.jpg 768w, https:\/\/agora.xtec.cat\/escolaenxaneta\/wp-content\/uploads\/usu720\/2024\/02\/Medi-2-1536x1152.jpg 1536w, https:\/\/agora.xtec.cat\/escolaenxaneta\/wp-content\/uploads\/usu720\/2024\/02\/Medi-2-2048x1536.jpg 2048w, https:\/\/agora.xtec.cat\/escolaenxaneta\/wp-content\/uploads\/usu720\/2024\/02\/Medi-2-200x150.jpg 200w\" sizes=\"auto, (max-width: 1024px) 100vw, 1024px\" \/><\/a><\/p>\n","protected":false},"excerpt":{"rendered":"<p>Els nens i nenes de 3r investiguem el nostre entorn m\u00e9s proper, a trav\u00e9s de l&#8217;observaci\u00f3, experimentaci\u00f3 i recollida d\u2019informaci\u00f3.\u00a0<br \/>\n<a href=\"https:\/\/agora.xtec.cat\/escolaenxaneta\/wp-content\/uploads\/usu720\/2024\/02\/IMG_20240129_161942-scaled.jpg\"><\/a><a href=\"https:\/\/agora.xtec.cat\/escolaenxaneta\/wp-content\/uploads\/usu720\/2024\/02\/Medi-scaled.jpg\"><\/a> <a href=\"https:\/\/agora.xtec.cat\/escolaenxaneta\/wp-content\/uploads\/usu720\/2024\/02\/Medi-1-scaled.jpg\"><\/a> <a href=\"https:\/\/agora.xtec.cat\/escolaenxaneta\/wp-content\/uploads\/usu720\/2024\/02\/Medi-2-scaled.jpg\"><\/a><\/p>\n","protected":false},"author":76,"featured_media":8154,"comment_status":"open","ping_status":"closed","sticky":false,"template":"","format":"standard","meta":{"_bbp_topic_count":0,"_bbp_reply_count":0,"_bbp_total_topic_count":0,"_bbp_total_reply_count":0,"_bbp_voice_count":0,"_bbp_anonymous_reply_count":0,"_bbp_topic_count_hidden":0,"_bbp_reply_count_hidden":0,"_bbp_forum_subforum_count":0,"footnotes":""},"categories":[178,175,64],"tags":[],"class_list":["post-8152","post","type-post","status-publish","format-standard","has-post-thumbnail","hentry","category-3r-23-24","category-curs-23-24","category-educacio-primaria"],"post_mailing_queue_ids":[],"_links":{"self":[{"href":"https:\/\/agora.xtec.cat\/escolaenxaneta\/wp-json\/wp\/v2\/posts\/8152","targetHints":{"allow":["GET"]}}],"collection":[{"href":"https:\/\/agora.xtec.cat\/escolaenxaneta\/wp-json\/wp\/v2\/posts"}],"about":[{"href":"https:\/\/agora.xtec.cat\/escolaenxaneta\/wp-json\/wp\/v2\/types\/post"}],"author":[{"embeddable":true,"href":"https:\/\/agora.xtec.cat\/escolaenxaneta\/wp-json\/wp\/v2\/users\/76"}],"replies":[{"embeddable":true,"href":"https:\/\/agora.xtec.cat\/escolaenxaneta\/wp-json\/wp\/v2\/comments?post=8152"}],"version-history":[{"count":2,"href":"https:\/\/agora.xtec.cat\/escolaenxaneta\/wp-json\/wp\/v2\/posts\/8152\/revisions"}],"predecessor-version":[{"id":8160,"href":"https:\/\/agora.xtec.cat\/escolaenxaneta\/wp-json\/wp\/v2\/posts\/8152\/revisions\/8160"}],"wp:featuredmedia":[{"embeddable":true,"href":"https:\/\/agora.xtec.cat\/escolaenxaneta\/wp-json\/wp\/v2\/media\/8154"}],"wp:attachment":[{"href":"https:\/\/agora.xtec.cat\/escolaenxaneta\/wp-json\/wp\/v2\/media?parent=8152"}],"wp:term":[{"taxonomy":"category","embeddable":true,"href":"https:\/\/agora.xtec.cat\/escolaenxaneta\/wp-json\/wp\/v2\/categories?post=8152"},{"taxonomy":"post_tag","embeddable":true,"href":"https:\/\/agora.xtec.cat\/escolaenxaneta\/wp-json\/wp\/v2\/tags?post=8152"}],"curies":[{"name":"wp","href":"https:\/\/api.w.org\/{rel}","templated":true}]}}