{"id":3934,"date":"2020-12-15T09:48:48","date_gmt":"2020-12-15T08:48:48","guid":{"rendered":"http:\/\/agora.xtec.cat\/escolaenxaneta\/?p=3934"},"modified":"2020-12-15T09:48:48","modified_gmt":"2020-12-15T08:48:48","slug":"educacio-emocional-larbre-dels-records","status":"publish","type":"post","link":"https:\/\/agora.xtec.cat\/escolaenxaneta\/blocs\/curs-20-21\/6e-curs-20-21\/educacio-emocional-larbre-dels-records\/","title":{"rendered":"EDUCACI\u00d3 EMOCIONAL: &#8220;L&#8217;ARBRE DELS RECORDS&#8221;"},"content":{"rendered":"<p style=\"text-align: center;\"><em><strong>L&#8217;ARBRE DELS RECORDS<\/strong><\/em><\/p>\n<p style=\"text-align: center;\">En aquesta activitat d&#8217;educaci\u00f3 emocional hem fet un Arbre dels Records.<\/p>\n<p style=\"text-align: center;\">Dibuixes un arbre i a sobre de cada branca poses un record agradable de la persona a qui li dediquis. Ha de ser una persona a la que trobis a faltar. Ser\u00e0 una persona que ja no est\u00e0 present a la teva vida. Potser ha marxat a un lloc a on est\u00e0 millor, potser ha mort, perqu\u00e8 ha anat a viure a un altre lloc o perqu\u00e8 ja no l&#8217;interesses.<\/p>\n<p style=\"text-align: center;\">Si vols recordar a alguna persona que ha marxat de la teva vida afegeix frases a les branques del teu propi arbre.<\/p>\n<p><a href=\"https:\/\/agora.xtec.cat\/escolaenxaneta\/wp-content\/uploads\/usu720\/2020\/12\/Arbre-dels-records-60.jpg\"><img loading=\"lazy\" decoding=\"async\" class=\"aligncenter wp-image-3938 size-full\" src=\"https:\/\/agora.xtec.cat\/escolaenxaneta\/wp-content\/uploads\/usu720\/2020\/12\/Arbre-dels-records-60.jpg\" alt=\"\" width=\"507\" height=\"462\" srcset=\"https:\/\/agora.xtec.cat\/escolaenxaneta\/wp-content\/uploads\/usu720\/2020\/12\/Arbre-dels-records-60.jpg 507w, https:\/\/agora.xtec.cat\/escolaenxaneta\/wp-content\/uploads\/usu720\/2020\/12\/Arbre-dels-records-60-300x273.jpg 300w\" sizes=\"auto, (max-width: 507px) 100vw, 507px\" \/><\/a><a href=\"https:\/\/agora.xtec.cat\/escolaenxaneta\/wp-content\/uploads\/usu720\/2020\/12\/ARBRE-DELS-RECORDS-2.jpg\"><img loading=\"lazy\" decoding=\"async\" class=\"aligncenter wp-image-3937 size-large\" src=\"https:\/\/agora.xtec.cat\/escolaenxaneta\/wp-content\/uploads\/usu720\/2020\/12\/ARBRE-DELS-RECORDS-2-e1607596139761-1024x717.jpg\" alt=\"\" width=\"1024\" height=\"717\" srcset=\"https:\/\/agora.xtec.cat\/escolaenxaneta\/wp-content\/uploads\/usu720\/2020\/12\/ARBRE-DELS-RECORDS-2-e1607596139761-1024x717.jpg 1024w, https:\/\/agora.xtec.cat\/escolaenxaneta\/wp-content\/uploads\/usu720\/2020\/12\/ARBRE-DELS-RECORDS-2-e1607596139761-300x210.jpg 300w, https:\/\/agora.xtec.cat\/escolaenxaneta\/wp-content\/uploads\/usu720\/2020\/12\/ARBRE-DELS-RECORDS-2-e1607596139761-768x538.jpg 768w\" sizes=\"auto, (max-width: 1024px) 100vw, 1024px\" \/><\/a><\/p>\n","protected":false},"excerpt":{"rendered":"<p>L&#8217;ARBRE DELS RECORDS<br \/>\nEn aquesta activitat d&#8217;educaci\u00f3 emocional hem fet un Arbre dels Records.<br \/>\nDibuixes un arbre i a sobre de cada branca poses un record agradable de la persona a qui li dediquis. Ha de ser una persona a la que trobis a faltar. Ser\u00e0 una&hellip;  <a href=\"https:\/\/agora.xtec.cat\/escolaenxaneta\/blocs\/curs-20-21\/6e-curs-20-21\/educacio-emocional-larbre-dels-records\/\" title=\"Read EDUCACI\u00d3 EMOCIONAL: &#8220;L&#8217;ARBRE DELS RECORDS&#8221;\">Llegeix m\u00e9s\u00bb<\/a><\/p>\n","protected":false},"author":55,"featured_media":3938,"comment_status":"open","ping_status":"closed","sticky":false,"template":"","format":"standard","meta":{"_bbp_topic_count":0,"_bbp_reply_count":0,"_bbp_total_topic_count":0,"_bbp_total_reply_count":0,"_bbp_voice_count":0,"_bbp_anonymous_reply_count":0,"_bbp_topic_count_hidden":0,"_bbp_reply_count_hidden":0,"_bbp_forum_subforum_count":0,"footnotes":""},"categories":[114],"tags":[],"class_list":["post-3934","post","type-post","status-publish","format-standard","has-post-thumbnail","hentry","category-6e-curs-20-21"],"post_mailing_queue_ids":[],"_links":{"self":[{"href":"https:\/\/agora.xtec.cat\/escolaenxaneta\/wp-json\/wp\/v2\/posts\/3934","targetHints":{"allow":["GET"]}}],"collection":[{"href":"https:\/\/agora.xtec.cat\/escolaenxaneta\/wp-json\/wp\/v2\/posts"}],"about":[{"href":"https:\/\/agora.xtec.cat\/escolaenxaneta\/wp-json\/wp\/v2\/types\/post"}],"author":[{"embeddable":true,"href":"https:\/\/agora.xtec.cat\/escolaenxaneta\/wp-json\/wp\/v2\/users\/55"}],"replies":[{"embeddable":true,"href":"https:\/\/agora.xtec.cat\/escolaenxaneta\/wp-json\/wp\/v2\/comments?post=3934"}],"version-history":[{"count":2,"href":"https:\/\/agora.xtec.cat\/escolaenxaneta\/wp-json\/wp\/v2\/posts\/3934\/revisions"}],"predecessor-version":[{"id":3999,"href":"https:\/\/agora.xtec.cat\/escolaenxaneta\/wp-json\/wp\/v2\/posts\/3934\/revisions\/3999"}],"wp:featuredmedia":[{"embeddable":true,"href":"https:\/\/agora.xtec.cat\/escolaenxaneta\/wp-json\/wp\/v2\/media\/3938"}],"wp:attachment":[{"href":"https:\/\/agora.xtec.cat\/escolaenxaneta\/wp-json\/wp\/v2\/media?parent=3934"}],"wp:term":[{"taxonomy":"category","embeddable":true,"href":"https:\/\/agora.xtec.cat\/escolaenxaneta\/wp-json\/wp\/v2\/categories?post=3934"},{"taxonomy":"post_tag","embeddable":true,"href":"https:\/\/agora.xtec.cat\/escolaenxaneta\/wp-json\/wp\/v2\/tags?post=3934"}],"curies":[{"name":"wp","href":"https:\/\/api.w.org\/{rel}","templated":true}]}}