{"id":2904,"date":"2025-04-29T13:38:41","date_gmt":"2025-04-29T11:38:41","guid":{"rendered":"https:\/\/agora.xtec.cat\/escolaempordanet\/?p=2904"},"modified":"2025-10-27T13:40:32","modified_gmt":"2025-10-27T12:40:32","slug":"setmana-literaria-diada-de-sant-jordi","status":"publish","type":"post","link":"https:\/\/agora.xtec.cat\/escolaempordanet\/general\/setmana-literaria-diada-de-sant-jordi\/","title":{"rendered":"Setmana liter\u00e0ria &#8211; Diada de Sant Jordi"},"content":{"rendered":"<p>A l&#8217;escola hem gaudit de la nostra pr\u00f2pia Setmana liter\u00e0ria arrel de la Festa de Sant Jordi. Durant tota la setmana hem realitzat diferents activitats i tallers, a dins i a fora l&#8217;escola. Us detallem a continuaci\u00f3 les din\u00e0miques que hem dut a terme.<\/p>\n<p>&nbsp;<\/p>\n<p style=\"text-align: center;\">Els grans expliquen contes als petits\/es:<\/p>\n<p><img loading=\"lazy\" decoding=\"async\" class=\"aligncenter wp-image-2905\" src=\"https:\/\/agora.xtec.cat\/escolaempordanet\/wp-content\/uploads\/usu337\/2025\/10\/setmana-literaria1.png\" alt=\"\" width=\"661\" height=\"823\" srcset=\"https:\/\/agora.xtec.cat\/escolaempordanet\/wp-content\/uploads\/usu337\/2025\/10\/setmana-literaria1.png 686w, https:\/\/agora.xtec.cat\/escolaempordanet\/wp-content\/uploads\/usu337\/2025\/10\/setmana-literaria1-241x300.png 241w\" sizes=\"auto, (max-width: 661px) 100vw, 661px\" \/><\/p>\n<p>&nbsp;<\/p>\n<p style=\"text-align: center;\">Anem a veure les parades de llibres i contes:<\/p>\n<p style=\"text-align: center;\"><img loading=\"lazy\" decoding=\"async\" class=\"aligncenter size-full wp-image-2906\" src=\"https:\/\/agora.xtec.cat\/escolaempordanet\/wp-content\/uploads\/usu337\/2025\/10\/setmana-literaria-2.jpg\" alt=\"\" width=\"652\" height=\"875\" srcset=\"https:\/\/agora.xtec.cat\/escolaempordanet\/wp-content\/uploads\/usu337\/2025\/10\/setmana-literaria-2.jpg 652w, https:\/\/agora.xtec.cat\/escolaempordanet\/wp-content\/uploads\/usu337\/2025\/10\/setmana-literaria-2-224x300.jpg 224w\" sizes=\"auto, (max-width: 652px) 100vw, 652px\" \/><\/p>\n<p>&nbsp;<\/p>\n<p style=\"text-align: center;\">Tallers de Sant Jordi al pati la comunitat de petits i petites:<\/p>\n<p style=\"text-align: center;\"><img loading=\"lazy\" decoding=\"async\" class=\"aligncenter wp-image-2907\" src=\"https:\/\/agora.xtec.cat\/escolaempordanet\/wp-content\/uploads\/usu337\/2025\/10\/setmana-literaria-3.jpg\" alt=\"\" width=\"633\" height=\"855\" srcset=\"https:\/\/agora.xtec.cat\/escolaempordanet\/wp-content\/uploads\/usu337\/2025\/10\/setmana-literaria-3.jpg 645w, https:\/\/agora.xtec.cat\/escolaempordanet\/wp-content\/uploads\/usu337\/2025\/10\/setmana-literaria-3-222x300.jpg 222w\" sizes=\"auto, (max-width: 633px) 100vw, 633px\" \/> <img loading=\"lazy\" decoding=\"async\" class=\"aligncenter size-full wp-image-2908\" src=\"https:\/\/agora.xtec.cat\/escolaempordanet\/wp-content\/uploads\/usu337\/2025\/10\/setmana-literaria-4.jpg\" alt=\"\" width=\"635\" height=\"825\" srcset=\"https:\/\/agora.xtec.cat\/escolaempordanet\/wp-content\/uploads\/usu337\/2025\/10\/setmana-literaria-4.jpg 635w, https:\/\/agora.xtec.cat\/escolaempordanet\/wp-content\/uploads\/usu337\/2025\/10\/setmana-literaria-4-231x300.jpg 231w\" sizes=\"auto, (max-width: 635px) 100vw, 635px\" \/> <img loading=\"lazy\" decoding=\"async\" class=\"aligncenter wp-image-2910\" src=\"https:\/\/agora.xtec.cat\/escolaempordanet\/wp-content\/uploads\/usu337\/2025\/10\/setmana-literaria-5.jpg\" alt=\"\" width=\"632\" height=\"812\" srcset=\"https:\/\/agora.xtec.cat\/escolaempordanet\/wp-content\/uploads\/usu337\/2025\/10\/setmana-literaria-5.jpg 649w, https:\/\/agora.xtec.cat\/escolaempordanet\/wp-content\/uploads\/usu337\/2025\/10\/setmana-literaria-5-233x300.jpg 233w\" sizes=\"auto, (max-width: 632px) 100vw, 632px\" \/> <img loading=\"lazy\" decoding=\"async\" class=\"aligncenter size-full wp-image-2911\" src=\"https:\/\/agora.xtec.cat\/escolaempordanet\/wp-content\/uploads\/usu337\/2025\/10\/setmana-literaria-6.jpg\" alt=\"\" width=\"641\" height=\"848\" srcset=\"https:\/\/agora.xtec.cat\/escolaempordanet\/wp-content\/uploads\/usu337\/2025\/10\/setmana-literaria-6.jpg 641w, https:\/\/agora.xtec.cat\/escolaempordanet\/wp-content\/uploads\/usu337\/2025\/10\/setmana-literaria-6-227x300.jpg 227w\" sizes=\"auto, (max-width: 641px) 100vw, 641px\" \/><\/p>\n<p style=\"text-align: center;\">Les mestres expliquen contes:<\/p>\n<p style=\"text-align: center;\"><img loading=\"lazy\" decoding=\"async\" class=\"aligncenter size-full wp-image-2912\" src=\"https:\/\/agora.xtec.cat\/escolaempordanet\/wp-content\/uploads\/usu337\/2025\/10\/setmana-literaria-7.jpg\" alt=\"\" width=\"633\" height=\"691\" srcset=\"https:\/\/agora.xtec.cat\/escolaempordanet\/wp-content\/uploads\/usu337\/2025\/10\/setmana-literaria-7.jpg 633w, https:\/\/agora.xtec.cat\/escolaempordanet\/wp-content\/uploads\/usu337\/2025\/10\/setmana-literaria-7-275x300.jpg 275w\" sizes=\"auto, (max-width: 633px) 100vw, 633px\" \/><\/p>\n<p style=\"text-align: center;\">Les fam\u00edlies expliquen contes a l&#8217;aula:<\/p>\n<p style=\"text-align: center;\"><img loading=\"lazy\" decoding=\"async\" class=\"aligncenter size-full wp-image-2913\" src=\"https:\/\/agora.xtec.cat\/escolaempordanet\/wp-content\/uploads\/usu337\/2025\/10\/setmana-literaria-8.jpg\" alt=\"\" width=\"631\" height=\"843\" srcset=\"https:\/\/agora.xtec.cat\/escolaempordanet\/wp-content\/uploads\/usu337\/2025\/10\/setmana-literaria-8.jpg 631w, https:\/\/agora.xtec.cat\/escolaempordanet\/wp-content\/uploads\/usu337\/2025\/10\/setmana-literaria-8-225x300.jpg 225w\" sizes=\"auto, (max-width: 631px) 100vw, 631px\" \/> <img loading=\"lazy\" decoding=\"async\" class=\"aligncenter size-full wp-image-2914\" src=\"https:\/\/agora.xtec.cat\/escolaempordanet\/wp-content\/uploads\/usu337\/2025\/10\/setmana-literaria-9.jpg\" alt=\"\" width=\"645\" height=\"826\" srcset=\"https:\/\/agora.xtec.cat\/escolaempordanet\/wp-content\/uploads\/usu337\/2025\/10\/setmana-literaria-9.jpg 645w, https:\/\/agora.xtec.cat\/escolaempordanet\/wp-content\/uploads\/usu337\/2025\/10\/setmana-literaria-9-234x300.jpg 234w\" sizes=\"auto, (max-width: 645px) 100vw, 645px\" \/><\/p>\n<p style=\"text-align: center;\">Representaci\u00f3 de Sant Jordi per part de les fam\u00edlies:<\/p>\n<p style=\"text-align: center;\"><img loading=\"lazy\" decoding=\"async\" class=\"aligncenter size-full wp-image-2915\" src=\"https:\/\/agora.xtec.cat\/escolaempordanet\/wp-content\/uploads\/usu337\/2025\/10\/setmana-literaria-10.jpg\" alt=\"\" width=\"651\" height=\"835\" srcset=\"https:\/\/agora.xtec.cat\/escolaempordanet\/wp-content\/uploads\/usu337\/2025\/10\/setmana-literaria-10.jpg 651w, https:\/\/agora.xtec.cat\/escolaempordanet\/wp-content\/uploads\/usu337\/2025\/10\/setmana-literaria-10-234x300.jpg 234w\" sizes=\"auto, (max-width: 651px) 100vw, 651px\" \/><\/p>\n","protected":false},"excerpt":{"rendered":"<p>A l&#8217;escola hem gaudit de la nostra pr\u00f2pia Setmana liter\u00e0ria arrel de la Festa de Sant Jordi. Durant tota la setmana hem realitzat diferents activitats i tallers, a dins i a fora l&#8217;escola. Us detallem a continuaci\u00f3 les din\u00e0miques que hem dut a terme. &nbsp; Els grans expliquen contes als petits\/es: &nbsp; Anem a veure [&hellip;]<\/p>\n","protected":false},"author":1,"featured_media":2907,"comment_status":"open","ping_status":"open","sticky":false,"template":"","format":"standard","meta":{"_bbp_topic_count":0,"_bbp_reply_count":0,"_bbp_total_topic_count":0,"_bbp_total_reply_count":0,"_bbp_voice_count":0,"_bbp_anonymous_reply_count":0,"_bbp_topic_count_hidden":0,"_bbp_reply_count_hidden":0,"_bbp_forum_subforum_count":0,"site-sidebar-layout":"default","site-content-layout":"","ast-site-content-layout":"","site-content-style":"default","site-sidebar-style":"default","ast-global-header-display":"","ast-banner-title-visibility":"","ast-main-header-display":"","ast-hfb-above-header-display":"","ast-hfb-below-header-display":"","ast-hfb-mobile-header-display":"","site-post-title":"","ast-breadcrumbs-content":"","ast-featured-img":"","footer-sml-layout":"","theme-transparent-header-meta":"","adv-header-id-meta":"","stick-header-meta":"","header-above-stick-meta":"","header-main-stick-meta":"","header-below-stick-meta":"","astra-migrate-meta-layouts":"default","ast-page-background-enabled":"default","ast-page-background-meta":{"desktop":{"background-color":"var(--ast-global-color-4)","background-image":"","background-repeat":"repeat","background-position":"center center","background-size":"auto","background-attachment":"scroll","background-type":"","background-media":"","overlay-type":"","overlay-color":"","overlay-opacity":"","overlay-gradient":""},"tablet":{"background-color":"","background-image":"","background-repeat":"repeat","background-position":"center center","background-size":"auto","background-attachment":"scroll","background-type":"","background-media":"","overlay-type":"","overlay-color":"","overlay-opacity":"","overlay-gradient":""},"mobile":{"background-color":"","background-image":"","background-repeat":"repeat","background-position":"center center","background-size":"auto","background-attachment":"scroll","background-type":"","background-media":"","overlay-type":"","overlay-color":"","overlay-opacity":"","overlay-gradient":""}},"ast-content-background-meta":{"desktop":{"background-color":"var(--ast-global-color-5)","background-image":"","background-repeat":"repeat","background-position":"center center","background-size":"auto","background-attachment":"scroll","background-type":"","background-media":"","overlay-type":"","overlay-color":"","overlay-opacity":"","overlay-gradient":""},"tablet":{"background-color":"var(--ast-global-color-5)","background-image":"","background-repeat":"repeat","background-position":"center center","background-size":"auto","background-attachment":"scroll","background-type":"","background-media":"","overlay-type":"","overlay-color":"","overlay-opacity":"","overlay-gradient":""},"mobile":{"background-color":"var(--ast-global-color-5)","background-image":"","background-repeat":"repeat","background-position":"center center","background-size":"auto","background-attachment":"scroll","background-type":"","background-media":"","overlay-type":"","overlay-color":"","overlay-opacity":"","overlay-gradient":""}},"footnotes":""},"categories":[1],"tags":[91,74,92,35,75,90,89,94,87,88,93],"class_list":["post-2904","post","type-post","status-publish","format-standard","has-post-thumbnail","hentry","category-general","tag-afa","tag-empordanet","tag-escola","tag-families","tag-la-bisbal","tag-literatura","tag-llibres","tag-parades","tag-sant-jordi","tag-setmana-literaria","tag-tallers"],"post_mailing_queue_ids":[],"_links":{"self":[{"href":"https:\/\/agora.xtec.cat\/escolaempordanet\/wp-json\/wp\/v2\/posts\/2904","targetHints":{"allow":["GET"]}}],"collection":[{"href":"https:\/\/agora.xtec.cat\/escolaempordanet\/wp-json\/wp\/v2\/posts"}],"about":[{"href":"https:\/\/agora.xtec.cat\/escolaempordanet\/wp-json\/wp\/v2\/types\/post"}],"author":[{"embeddable":true,"href":"https:\/\/agora.xtec.cat\/escolaempordanet\/wp-json\/wp\/v2\/users\/1"}],"replies":[{"embeddable":true,"href":"https:\/\/agora.xtec.cat\/escolaempordanet\/wp-json\/wp\/v2\/comments?post=2904"}],"version-history":[{"count":2,"href":"https:\/\/agora.xtec.cat\/escolaempordanet\/wp-json\/wp\/v2\/posts\/2904\/revisions"}],"predecessor-version":[{"id":2918,"href":"https:\/\/agora.xtec.cat\/escolaempordanet\/wp-json\/wp\/v2\/posts\/2904\/revisions\/2918"}],"wp:featuredmedia":[{"embeddable":true,"href":"https:\/\/agora.xtec.cat\/escolaempordanet\/wp-json\/wp\/v2\/media\/2907"}],"wp:attachment":[{"href":"https:\/\/agora.xtec.cat\/escolaempordanet\/wp-json\/wp\/v2\/media?parent=2904"}],"wp:term":[{"taxonomy":"category","embeddable":true,"href":"https:\/\/agora.xtec.cat\/escolaempordanet\/wp-json\/wp\/v2\/categories?post=2904"},{"taxonomy":"post_tag","embeddable":true,"href":"https:\/\/agora.xtec.cat\/escolaempordanet\/wp-json\/wp\/v2\/tags?post=2904"}],"curies":[{"name":"wp","href":"https:\/\/api.w.org\/{rel}","templated":true}]}}