{"id":2654,"date":"2024-03-19T09:18:41","date_gmt":"2024-03-19T08:18:41","guid":{"rendered":"https:\/\/agora.xtec.cat\/escolaempordanet\/?p=2654"},"modified":"2024-03-19T09:19:08","modified_gmt":"2024-03-19T08:19:08","slug":"lambient-de-psicomotricitat","status":"publish","type":"post","link":"https:\/\/agora.xtec.cat\/escolaempordanet\/general\/lambient-de-psicomotricitat\/","title":{"rendered":"L&#8217;ambient de psicomotricitat"},"content":{"rendered":"<p><a href=\"https:\/\/www.instagram.com\/p\/C4h8VYfMaK9\/?img_index=1\"><img loading=\"lazy\" decoding=\"async\" class=\"aligncenter size-full wp-image-2655\" src=\"https:\/\/agora.xtec.cat\/escolaempordanet\/wp-content\/uploads\/usu337\/2024\/03\/Captura.jpg\" alt=\"\" width=\"723\" height=\"729\" srcset=\"https:\/\/agora.xtec.cat\/escolaempordanet\/wp-content\/uploads\/usu337\/2024\/03\/Captura.jpg 723w, https:\/\/agora.xtec.cat\/escolaempordanet\/wp-content\/uploads\/usu337\/2024\/03\/Captura-298x300.jpg 298w, https:\/\/agora.xtec.cat\/escolaempordanet\/wp-content\/uploads\/usu337\/2024\/03\/Captura-150x150.jpg 150w\" sizes=\"auto, (max-width: 723px) 100vw, 723px\" \/><\/a><\/p>\n<p>L\u2019ambient de psicomotricitat a la comunitat de petits i petites es basa en la metodologia Bernat Aucouturier.<br \/>\nAquesta pr\u00e0ctica \u00e9s de car\u00e0cter relacional i vivenciada. Parteix del que l\u2019infant sap fer i pot fer i el psicomotricista, sense una actitud dirigida, interv\u00e9 a partir del que expressa per tal d\u2019afavorir el seu proc\u00e9s maduratiu.<\/p>\n<p>En aquestes fotografies podeu trobar:<br \/>\n&#8211; Moment de la destrucci\u00f3 de la muralla<br \/>\n&#8211; Moment de la viv\u00e8ncia sensoriomotriu i de joc simb\u00f2lic<br \/>\n&#8211; Moment de la representaci\u00f3<\/p>\n","protected":false},"excerpt":{"rendered":"<p>L\u2019ambient de psicomotricitat a la comunitat de petits i petites es basa en la metodologia Bernat Aucouturier. Aquesta pr\u00e0ctica \u00e9s de car\u00e0cter relacional i vivenciada. Parteix del que l\u2019infant sap fer i pot fer i el psicomotricista, sense una actitud dirigida, interv\u00e9 a partir del que expressa per tal d\u2019afavorir el seu proc\u00e9s maduratiu. En [&hellip;]<\/p>\n","protected":false},"author":1,"featured_media":0,"comment_status":"open","ping_status":"closed","sticky":false,"template":"","format":"standard","meta":{"_bbp_topic_count":0,"_bbp_reply_count":0,"_bbp_total_topic_count":0,"_bbp_total_reply_count":0,"_bbp_voice_count":0,"_bbp_anonymous_reply_count":0,"_bbp_topic_count_hidden":0,"_bbp_reply_count_hidden":0,"_bbp_forum_subforum_count":0,"site-sidebar-layout":"default","site-content-layout":"","ast-site-content-layout":"","site-content-style":"default","site-sidebar-style":"default","ast-global-header-display":"","ast-banner-title-visibility":"","ast-main-header-display":"","ast-hfb-above-header-display":"","ast-hfb-below-header-display":"","ast-hfb-mobile-header-display":"","site-post-title":"","ast-breadcrumbs-content":"","ast-featured-img":"","footer-sml-layout":"","theme-transparent-header-meta":"","adv-header-id-meta":"","stick-header-meta":"","header-above-stick-meta":"","header-main-stick-meta":"","header-below-stick-meta":"","astra-migrate-meta-layouts":"default","ast-page-background-enabled":"default","ast-page-background-meta":{"desktop":{"background-color":"var(--ast-global-color-4)","background-image":"","background-repeat":"repeat","background-position":"center center","background-size":"auto","background-attachment":"scroll","background-type":"","background-media":"","overlay-type":"","overlay-color":"","overlay-opacity":"","overlay-gradient":""},"tablet":{"background-color":"","background-image":"","background-repeat":"repeat","background-position":"center center","background-size":"auto","background-attachment":"scroll","background-type":"","background-media":"","overlay-type":"","overlay-color":"","overlay-opacity":"","overlay-gradient":""},"mobile":{"background-color":"","background-image":"","background-repeat":"repeat","background-position":"center center","background-size":"auto","background-attachment":"scroll","background-type":"","background-media":"","overlay-type":"","overlay-color":"","overlay-opacity":"","overlay-gradient":""}},"ast-content-background-meta":{"desktop":{"background-color":"var(--ast-global-color-5)","background-image":"","background-repeat":"repeat","background-position":"center center","background-size":"auto","background-attachment":"scroll","background-type":"","background-media":"","overlay-type":"","overlay-color":"","overlay-opacity":"","overlay-gradient":""},"tablet":{"background-color":"var(--ast-global-color-5)","background-image":"","background-repeat":"repeat","background-position":"center center","background-size":"auto","background-attachment":"scroll","background-type":"","background-media":"","overlay-type":"","overlay-color":"","overlay-opacity":"","overlay-gradient":""},"mobile":{"background-color":"var(--ast-global-color-5)","background-image":"","background-repeat":"repeat","background-position":"center center","background-size":"auto","background-attachment":"scroll","background-type":"","background-media":"","overlay-type":"","overlay-color":"","overlay-opacity":"","overlay-gradient":""}},"footnotes":""},"categories":[1],"tags":[],"class_list":["post-2654","post","type-post","status-publish","format-standard","hentry","category-general"],"post_mailing_queue_ids":[],"_links":{"self":[{"href":"https:\/\/agora.xtec.cat\/escolaempordanet\/wp-json\/wp\/v2\/posts\/2654","targetHints":{"allow":["GET"]}}],"collection":[{"href":"https:\/\/agora.xtec.cat\/escolaempordanet\/wp-json\/wp\/v2\/posts"}],"about":[{"href":"https:\/\/agora.xtec.cat\/escolaempordanet\/wp-json\/wp\/v2\/types\/post"}],"author":[{"embeddable":true,"href":"https:\/\/agora.xtec.cat\/escolaempordanet\/wp-json\/wp\/v2\/users\/1"}],"replies":[{"embeddable":true,"href":"https:\/\/agora.xtec.cat\/escolaempordanet\/wp-json\/wp\/v2\/comments?post=2654"}],"version-history":[{"count":2,"href":"https:\/\/agora.xtec.cat\/escolaempordanet\/wp-json\/wp\/v2\/posts\/2654\/revisions"}],"predecessor-version":[{"id":2657,"href":"https:\/\/agora.xtec.cat\/escolaempordanet\/wp-json\/wp\/v2\/posts\/2654\/revisions\/2657"}],"wp:attachment":[{"href":"https:\/\/agora.xtec.cat\/escolaempordanet\/wp-json\/wp\/v2\/media?parent=2654"}],"wp:term":[{"taxonomy":"category","embeddable":true,"href":"https:\/\/agora.xtec.cat\/escolaempordanet\/wp-json\/wp\/v2\/categories?post=2654"},{"taxonomy":"post_tag","embeddable":true,"href":"https:\/\/agora.xtec.cat\/escolaempordanet\/wp-json\/wp\/v2\/tags?post=2654"}],"curies":[{"name":"wp","href":"https:\/\/api.w.org\/{rel}","templated":true}]}}