{"id":1776,"date":"2020-03-16T15:10:17","date_gmt":"2020-03-16T14:10:17","guid":{"rendered":"http:\/\/agora.xtec.cat\/escolaempordanet\/?p=1776"},"modified":"2020-03-16T15:17:48","modified_gmt":"2020-03-16T14:17:48","slug":"informacio-preinscripcions-4","status":"publish","type":"post","link":"https:\/\/agora.xtec.cat\/escolaempordanet\/general\/informacio-preinscripcions-4\/","title":{"rendered":"Informaci\u00f3 preinscripcions"},"content":{"rendered":"<p>Davant les circumst\u00e0ncies de no poder realitzar les portes obertes de manera vivencial, com a conseq\u00fc\u00e8ncia de l\u2019estat d\u2019alarma que viu el pa\u00eds pel COVID-19, en aquests documents hi podreu trobar tota la informaci\u00f3 que us hagu\u00e9ssim proporcionat en m\u00e0 durant aquesta jornada.<img loading=\"lazy\" decoding=\"async\" class=\"alignnone size-full wp-image-1777\" src=\"https:\/\/agora.xtec.cat\/escolaempordanet\/wp-content\/uploads\/usu337\/2020\/03\/Tr\u00edptic-AMPA_page-0001.jpg\" alt=\"\" width=\"1755\" height=\"1241\" srcset=\"https:\/\/agora.xtec.cat\/escolaempordanet\/wp-content\/uploads\/usu337\/2020\/03\/Tr\u00edptic-AMPA_page-0001.jpg 1755w, https:\/\/agora.xtec.cat\/escolaempordanet\/wp-content\/uploads\/usu337\/2020\/03\/Tr\u00edptic-AMPA_page-0001-300x212.jpg 300w, https:\/\/agora.xtec.cat\/escolaempordanet\/wp-content\/uploads\/usu337\/2020\/03\/Tr\u00edptic-AMPA_page-0001-768x543.jpg 768w, https:\/\/agora.xtec.cat\/escolaempordanet\/wp-content\/uploads\/usu337\/2020\/03\/Tr\u00edptic-AMPA_page-0001-1024x724.jpg 1024w\" sizes=\"auto, (max-width: 1755px) 100vw, 1755px\" \/> <img loading=\"lazy\" decoding=\"async\" class=\"alignnone size-full wp-image-1778\" src=\"https:\/\/agora.xtec.cat\/escolaempordanet\/wp-content\/uploads\/usu337\/2020\/03\/Tr\u00edptic-AMPA_page-0002.jpg\" alt=\"\" width=\"1755\" height=\"1241\" srcset=\"https:\/\/agora.xtec.cat\/escolaempordanet\/wp-content\/uploads\/usu337\/2020\/03\/Tr\u00edptic-AMPA_page-0002.jpg 1755w, https:\/\/agora.xtec.cat\/escolaempordanet\/wp-content\/uploads\/usu337\/2020\/03\/Tr\u00edptic-AMPA_page-0002-300x212.jpg 300w, https:\/\/agora.xtec.cat\/escolaempordanet\/wp-content\/uploads\/usu337\/2020\/03\/Tr\u00edptic-AMPA_page-0002-768x543.jpg 768w, https:\/\/agora.xtec.cat\/escolaempordanet\/wp-content\/uploads\/usu337\/2020\/03\/Tr\u00edptic-AMPA_page-0002-1024x724.jpg 1024w\" sizes=\"auto, (max-width: 1755px) 100vw, 1755px\" \/><\/p>\n","protected":false},"excerpt":{"rendered":"<p>Davant les circumst\u00e0ncies de no poder realitzar les portes obertes de manera vivencial, com a conseq\u00fc\u00e8ncia de l\u2019estat d\u2019alarma que viu el pa\u00eds pel COVID-19, en aquests documents hi podreu trobar tota la informaci\u00f3 que us hagu\u00e9ssim proporcionat en m\u00e0 durant aquesta jornada.<\/p>\n","protected":false},"author":1,"featured_media":0,"comment_status":"open","ping_status":"closed","sticky":false,"template":"","format":"standard","meta":{"_bbp_topic_count":0,"_bbp_reply_count":0,"_bbp_total_topic_count":0,"_bbp_total_reply_count":0,"_bbp_voice_count":0,"_bbp_anonymous_reply_count":0,"_bbp_topic_count_hidden":0,"_bbp_reply_count_hidden":0,"_bbp_forum_subforum_count":0,"site-sidebar-layout":"default","site-content-layout":"","ast-site-content-layout":"","site-content-style":"default","site-sidebar-style":"default","ast-global-header-display":"","ast-banner-title-visibility":"","ast-main-header-display":"","ast-hfb-above-header-display":"","ast-hfb-below-header-display":"","ast-hfb-mobile-header-display":"","site-post-title":"","ast-breadcrumbs-content":"","ast-featured-img":"","footer-sml-layout":"","theme-transparent-header-meta":"","adv-header-id-meta":"","stick-header-meta":"","header-above-stick-meta":"","header-main-stick-meta":"","header-below-stick-meta":"","astra-migrate-meta-layouts":"default","ast-page-background-enabled":"default","ast-page-background-meta":{"desktop":{"background-color":"var(--ast-global-color-4)","background-image":"","background-repeat":"repeat","background-position":"center center","background-size":"auto","background-attachment":"scroll","background-type":"","background-media":"","overlay-type":"","overlay-color":"","overlay-opacity":"","overlay-gradient":""},"tablet":{"background-color":"","background-image":"","background-repeat":"repeat","background-position":"center center","background-size":"auto","background-attachment":"scroll","background-type":"","background-media":"","overlay-type":"","overlay-color":"","overlay-opacity":"","overlay-gradient":""},"mobile":{"background-color":"","background-image":"","background-repeat":"repeat","background-position":"center center","background-size":"auto","background-attachment":"scroll","background-type":"","background-media":"","overlay-type":"","overlay-color":"","overlay-opacity":"","overlay-gradient":""}},"ast-content-background-meta":{"desktop":{"background-color":"var(--ast-global-color-5)","background-image":"","background-repeat":"repeat","background-position":"center center","background-size":"auto","background-attachment":"scroll","background-type":"","background-media":"","overlay-type":"","overlay-color":"","overlay-opacity":"","overlay-gradient":""},"tablet":{"background-color":"var(--ast-global-color-5)","background-image":"","background-repeat":"repeat","background-position":"center center","background-size":"auto","background-attachment":"scroll","background-type":"","background-media":"","overlay-type":"","overlay-color":"","overlay-opacity":"","overlay-gradient":""},"mobile":{"background-color":"var(--ast-global-color-5)","background-image":"","background-repeat":"repeat","background-position":"center center","background-size":"auto","background-attachment":"scroll","background-type":"","background-media":"","overlay-type":"","overlay-color":"","overlay-opacity":"","overlay-gradient":""}},"footnotes":""},"categories":[1],"tags":[],"class_list":["post-1776","post","type-post","status-publish","format-standard","hentry","category-general"],"post_mailing_queue_ids":[],"_links":{"self":[{"href":"https:\/\/agora.xtec.cat\/escolaempordanet\/wp-json\/wp\/v2\/posts\/1776","targetHints":{"allow":["GET"]}}],"collection":[{"href":"https:\/\/agora.xtec.cat\/escolaempordanet\/wp-json\/wp\/v2\/posts"}],"about":[{"href":"https:\/\/agora.xtec.cat\/escolaempordanet\/wp-json\/wp\/v2\/types\/post"}],"author":[{"embeddable":true,"href":"https:\/\/agora.xtec.cat\/escolaempordanet\/wp-json\/wp\/v2\/users\/1"}],"replies":[{"embeddable":true,"href":"https:\/\/agora.xtec.cat\/escolaempordanet\/wp-json\/wp\/v2\/comments?post=1776"}],"version-history":[{"count":1,"href":"https:\/\/agora.xtec.cat\/escolaempordanet\/wp-json\/wp\/v2\/posts\/1776\/revisions"}],"predecessor-version":[{"id":1779,"href":"https:\/\/agora.xtec.cat\/escolaempordanet\/wp-json\/wp\/v2\/posts\/1776\/revisions\/1779"}],"wp:attachment":[{"href":"https:\/\/agora.xtec.cat\/escolaempordanet\/wp-json\/wp\/v2\/media?parent=1776"}],"wp:term":[{"taxonomy":"category","embeddable":true,"href":"https:\/\/agora.xtec.cat\/escolaempordanet\/wp-json\/wp\/v2\/categories?post=1776"},{"taxonomy":"post_tag","embeddable":true,"href":"https:\/\/agora.xtec.cat\/escolaempordanet\/wp-json\/wp\/v2\/tags?post=1776"}],"curies":[{"name":"wp","href":"https:\/\/api.w.org\/{rel}","templated":true}]}}