{"id":975,"date":"2017-01-30T06:23:13","date_gmt":"2017-01-30T05:23:13","guid":{"rendered":"http:\/\/agora.xtec.cat\/escolaelviver\/?p=975"},"modified":"2017-01-30T06:26:32","modified_gmt":"2017-01-30T05:26:32","slug":"menjador_mes-de-gener-amb-dali","status":"publish","type":"post","link":"https:\/\/agora.xtec.cat\/escolaelviver\/portada\/menjador_mes-de-gener-amb-dali\/","title":{"rendered":"Menjador_Mes de Gener amb Dal\u00ed"},"content":{"rendered":"<p>En aquest mes de Gener en el menjador han tastat diferents tipus de cereals, aix\u00ed com han iniciat un treball art\u00edstic del Dal\u00ed.<\/p>\n<p><a href=\"https:\/\/goo.gl\/photos\/qYZSswYvdmbzWM8R8\" target=\"_blank\"><img loading=\"lazy\" decoding=\"async\" class=\"alignnone wp-image-976 size-large\" src=\"http:\/\/agora.xtec.cat\/escolaelviver\/wp-content\/uploads\/usu460\/2017\/01\/IMG-20170127-WA0009-1024x768.jpg\" alt=\"img-20170127-wa0009\" width=\"1024\" height=\"768\" srcset=\"https:\/\/agora.xtec.cat\/escolaelviver\/wp-content\/uploads\/usu460\/2017\/01\/IMG-20170127-WA0009-1024x768.jpg 1024w, https:\/\/agora.xtec.cat\/escolaelviver\/wp-content\/uploads\/usu460\/2017\/01\/IMG-20170127-WA0009-300x225.jpg 300w, https:\/\/agora.xtec.cat\/escolaelviver\/wp-content\/uploads\/usu460\/2017\/01\/IMG-20170127-WA0009-768x576.jpg 768w, https:\/\/agora.xtec.cat\/escolaelviver\/wp-content\/uploads\/usu460\/2017\/01\/IMG-20170127-WA0009-200x150.jpg 200w, https:\/\/agora.xtec.cat\/escolaelviver\/wp-content\/uploads\/usu460\/2017\/01\/IMG-20170127-WA0009.jpg 1600w\" sizes=\"auto, (max-width: 1024px) 100vw, 1024px\" \/><\/a><\/p>\n<p><a href=\"https:\/\/goo.gl\/photos\/FjYEHgpZGKnFTWBg9\" target=\"_blank\">Clica aqu\u00ed per veure m\u00e9s imatges<\/a><\/p>\n","protected":false},"excerpt":{"rendered":"<p>En aquest mes de Gener en el menjador han tastat diferents tipus de cereals, aix\u00ed com han iniciat un treball art\u00edstic del Dal\u00ed.<br \/>\n<a href=\"https:\/\/goo.gl\/photos\/qYZSswYvdmbzWM8R8\" target=\"_blank\"><\/a><br \/>\n<a href=\"https:\/\/goo.gl\/photos\/FjYEHgpZGKnFTWBg9\" target=\"_blank\">Clica aqu\u00ed per veure m\u00e9s imatges<\/a><\/p>\n","protected":false},"author":3,"featured_media":976,"comment_status":"open","ping_status":"open","sticky":false,"template":"","format":"standard","meta":{"_bbp_topic_count":0,"_bbp_reply_count":0,"_bbp_total_topic_count":0,"_bbp_total_reply_count":0,"_bbp_voice_count":0,"_bbp_anonymous_reply_count":0,"_bbp_topic_count_hidden":0,"_bbp_reply_count_hidden":0,"_bbp_forum_subforum_count":0,"footnotes":""},"categories":[7,61,4],"tags":[],"class_list":["post-975","post","type-post","status-publish","format-standard","has-post-thumbnail","hentry","category-ampa","category-menjador","category-portada"],"post_mailing_queue_ids":[],"_links":{"self":[{"href":"https:\/\/agora.xtec.cat\/escolaelviver\/wp-json\/wp\/v2\/posts\/975","targetHints":{"allow":["GET"]}}],"collection":[{"href":"https:\/\/agora.xtec.cat\/escolaelviver\/wp-json\/wp\/v2\/posts"}],"about":[{"href":"https:\/\/agora.xtec.cat\/escolaelviver\/wp-json\/wp\/v2\/types\/post"}],"author":[{"embeddable":true,"href":"https:\/\/agora.xtec.cat\/escolaelviver\/wp-json\/wp\/v2\/users\/3"}],"replies":[{"embeddable":true,"href":"https:\/\/agora.xtec.cat\/escolaelviver\/wp-json\/wp\/v2\/comments?post=975"}],"version-history":[{"count":2,"href":"https:\/\/agora.xtec.cat\/escolaelviver\/wp-json\/wp\/v2\/posts\/975\/revisions"}],"predecessor-version":[{"id":978,"href":"https:\/\/agora.xtec.cat\/escolaelviver\/wp-json\/wp\/v2\/posts\/975\/revisions\/978"}],"wp:featuredmedia":[{"embeddable":true,"href":"https:\/\/agora.xtec.cat\/escolaelviver\/wp-json\/wp\/v2\/media\/976"}],"wp:attachment":[{"href":"https:\/\/agora.xtec.cat\/escolaelviver\/wp-json\/wp\/v2\/media?parent=975"}],"wp:term":[{"taxonomy":"category","embeddable":true,"href":"https:\/\/agora.xtec.cat\/escolaelviver\/wp-json\/wp\/v2\/categories?post=975"},{"taxonomy":"post_tag","embeddable":true,"href":"https:\/\/agora.xtec.cat\/escolaelviver\/wp-json\/wp\/v2\/tags?post=975"}],"curies":[{"name":"wp","href":"https:\/\/api.w.org\/{rel}","templated":true}]}}