{"id":964,"date":"2017-01-25T14:00:36","date_gmt":"2017-01-25T13:00:36","guid":{"rendered":"http:\/\/agora.xtec.cat\/escolaelviver\/?p=964"},"modified":"2017-01-27T20:24:58","modified_gmt":"2017-01-27T19:24:58","slug":"visita-a-lexposicio-de-joan-capella","status":"publish","type":"post","link":"https:\/\/agora.xtec.cat\/escolaelviver\/portada\/visita-a-lexposicio-de-joan-capella\/","title":{"rendered":"VISITA A L&#8217;EXPOSICI\u00d3 DE JOAN CAPELLA!"},"content":{"rendered":"<p>Els alumnes de 6\u00e8 hem visitat l&#8217;Exposici\u00f3 del pintor montcadenc Joan Capella que es troba a l&#8217;auditori municipal de Montcada i Reixac.<\/p>\n<p>Ens han explicat la hist\u00f2ria de la seva vida i tamb\u00e9 hem vist molts quadres que va pintar. Hem pogut veure les seves primeres pintures, del 1952, fins la seva \u00faltima obra, de l\u2019any 2005, data de la seva mort, que est\u00e0 inacabada en el seu cavallet amb la caixa de pintures que li va regalar el seu germ\u00e0.<\/p>\n<p>Ens ha agradat molt i l&#8217;hem trobat molt interessant!!<\/p>\n<p>Gr\u00e0cies a l&#8217;Antonio i l&#8217;\u00c0lvaro per la seva explicaci\u00f3 i preparaci\u00f3!!<\/p>\n<p>Els alumnes de 6\u00e8.<\/p>\n<p><a href=\"http:\/\/agora.xtec.cat\/escolaelviver\/wp-content\/uploads\/usu460\/2017\/01\/IMG-20170125-WA0027.jpg\"><img loading=\"lazy\" decoding=\"async\" class=\"alignnone size-large wp-image-965\" src=\"http:\/\/agora.xtec.cat\/escolaelviver\/wp-content\/uploads\/usu460\/2017\/01\/IMG-20170125-WA0027-1024x768.jpg\" alt=\"img-20170125-wa0027\" width=\"1024\" height=\"768\" srcset=\"https:\/\/agora.xtec.cat\/escolaelviver\/wp-content\/uploads\/usu460\/2017\/01\/IMG-20170125-WA0027-1024x768.jpg 1024w, https:\/\/agora.xtec.cat\/escolaelviver\/wp-content\/uploads\/usu460\/2017\/01\/IMG-20170125-WA0027-300x225.jpg 300w, https:\/\/agora.xtec.cat\/escolaelviver\/wp-content\/uploads\/usu460\/2017\/01\/IMG-20170125-WA0027-768x576.jpg 768w, https:\/\/agora.xtec.cat\/escolaelviver\/wp-content\/uploads\/usu460\/2017\/01\/IMG-20170125-WA0027-200x150.jpg 200w, https:\/\/agora.xtec.cat\/escolaelviver\/wp-content\/uploads\/usu460\/2017\/01\/IMG-20170125-WA0027.jpg 1600w\" sizes=\"auto, (max-width: 1024px) 100vw, 1024px\" \/><\/a><\/p>\n<p><a href=\"http:\/\/agora.xtec.cat\/escolaelviver\/wp-content\/uploads\/usu460\/2017\/01\/IMG-20170125-WA0024.jpg\"><img loading=\"lazy\" decoding=\"async\" class=\"alignnone size-large wp-image-967\" src=\"http:\/\/agora.xtec.cat\/escolaelviver\/wp-content\/uploads\/usu460\/2017\/01\/IMG-20170125-WA0024-1024x768.jpg\" alt=\"img-20170125-wa0024\" width=\"1024\" height=\"768\" srcset=\"https:\/\/agora.xtec.cat\/escolaelviver\/wp-content\/uploads\/usu460\/2017\/01\/IMG-20170125-WA0024-1024x768.jpg 1024w, https:\/\/agora.xtec.cat\/escolaelviver\/wp-content\/uploads\/usu460\/2017\/01\/IMG-20170125-WA0024-300x225.jpg 300w, https:\/\/agora.xtec.cat\/escolaelviver\/wp-content\/uploads\/usu460\/2017\/01\/IMG-20170125-WA0024-768x576.jpg 768w, https:\/\/agora.xtec.cat\/escolaelviver\/wp-content\/uploads\/usu460\/2017\/01\/IMG-20170125-WA0024-200x150.jpg 200w, https:\/\/agora.xtec.cat\/escolaelviver\/wp-content\/uploads\/usu460\/2017\/01\/IMG-20170125-WA0024.jpg 1600w\" sizes=\"auto, (max-width: 1024px) 100vw, 1024px\" \/><\/a><\/p>\n<p><a href=\"http:\/\/agora.xtec.cat\/escolaelviver\/wp-content\/uploads\/usu460\/2017\/01\/IMG-20170125-WA0023.jpg\"><img loading=\"lazy\" decoding=\"async\" class=\"alignnone size-large wp-image-968\" src=\"http:\/\/agora.xtec.cat\/escolaelviver\/wp-content\/uploads\/usu460\/2017\/01\/IMG-20170125-WA0023-1024x768.jpg\" alt=\"img-20170125-wa0023\" width=\"1024\" height=\"768\" srcset=\"https:\/\/agora.xtec.cat\/escolaelviver\/wp-content\/uploads\/usu460\/2017\/01\/IMG-20170125-WA0023-1024x768.jpg 1024w, https:\/\/agora.xtec.cat\/escolaelviver\/wp-content\/uploads\/usu460\/2017\/01\/IMG-20170125-WA0023-300x225.jpg 300w, https:\/\/agora.xtec.cat\/escolaelviver\/wp-content\/uploads\/usu460\/2017\/01\/IMG-20170125-WA0023-768x576.jpg 768w, https:\/\/agora.xtec.cat\/escolaelviver\/wp-content\/uploads\/usu460\/2017\/01\/IMG-20170125-WA0023-200x150.jpg 200w, https:\/\/agora.xtec.cat\/escolaelviver\/wp-content\/uploads\/usu460\/2017\/01\/IMG-20170125-WA0023.jpg 1600w\" sizes=\"auto, (max-width: 1024px) 100vw, 1024px\" \/><\/a><\/p>\n<p><a href=\"http:\/\/agora.xtec.cat\/escolaelviver\/wp-content\/uploads\/usu460\/2017\/01\/IMG-20170125-WA0009.jpg\"><img loading=\"lazy\" decoding=\"async\" class=\"alignnone size-large wp-image-969\" src=\"http:\/\/agora.xtec.cat\/escolaelviver\/wp-content\/uploads\/usu460\/2017\/01\/IMG-20170125-WA0009-1024x576.jpg\" alt=\"img-20170125-wa0009\" width=\"1024\" height=\"576\" srcset=\"https:\/\/agora.xtec.cat\/escolaelviver\/wp-content\/uploads\/usu460\/2017\/01\/IMG-20170125-WA0009-1024x576.jpg 1024w, https:\/\/agora.xtec.cat\/escolaelviver\/wp-content\/uploads\/usu460\/2017\/01\/IMG-20170125-WA0009-300x169.jpg 300w, https:\/\/agora.xtec.cat\/escolaelviver\/wp-content\/uploads\/usu460\/2017\/01\/IMG-20170125-WA0009-768x432.jpg 768w, https:\/\/agora.xtec.cat\/escolaelviver\/wp-content\/uploads\/usu460\/2017\/01\/IMG-20170125-WA0009.jpg 1600w\" sizes=\"auto, (max-width: 1024px) 100vw, 1024px\" \/><\/a><\/p>\n<p><a href=\"http:\/\/agora.xtec.cat\/escolaelviver\/wp-content\/uploads\/usu460\/2017\/01\/IMG-20170125-WA0006.jpg\"><img loading=\"lazy\" decoding=\"async\" class=\"alignnone size-large wp-image-970\" src=\"http:\/\/agora.xtec.cat\/escolaelviver\/wp-content\/uploads\/usu460\/2017\/01\/IMG-20170125-WA0006-1024x576.jpg\" alt=\"img-20170125-wa0006\" width=\"1024\" height=\"576\" srcset=\"https:\/\/agora.xtec.cat\/escolaelviver\/wp-content\/uploads\/usu460\/2017\/01\/IMG-20170125-WA0006-1024x576.jpg 1024w, https:\/\/agora.xtec.cat\/escolaelviver\/wp-content\/uploads\/usu460\/2017\/01\/IMG-20170125-WA0006-300x169.jpg 300w, https:\/\/agora.xtec.cat\/escolaelviver\/wp-content\/uploads\/usu460\/2017\/01\/IMG-20170125-WA0006-768x432.jpg 768w, https:\/\/agora.xtec.cat\/escolaelviver\/wp-content\/uploads\/usu460\/2017\/01\/IMG-20170125-WA0006.jpg 1600w\" sizes=\"auto, (max-width: 1024px) 100vw, 1024px\" \/><\/a><\/p>\n<p><a href=\"http:\/\/agora.xtec.cat\/escolaelviver\/wp-content\/uploads\/usu460\/2017\/01\/IMG-20170125-WA0000.jpg\"><img loading=\"lazy\" decoding=\"async\" class=\"alignnone size-large wp-image-971\" src=\"http:\/\/agora.xtec.cat\/escolaelviver\/wp-content\/uploads\/usu460\/2017\/01\/IMG-20170125-WA0000-1024x576.jpg\" alt=\"img-20170125-wa0000\" width=\"1024\" height=\"576\" srcset=\"https:\/\/agora.xtec.cat\/escolaelviver\/wp-content\/uploads\/usu460\/2017\/01\/IMG-20170125-WA0000-1024x576.jpg 1024w, https:\/\/agora.xtec.cat\/escolaelviver\/wp-content\/uploads\/usu460\/2017\/01\/IMG-20170125-WA0000-300x169.jpg 300w, https:\/\/agora.xtec.cat\/escolaelviver\/wp-content\/uploads\/usu460\/2017\/01\/IMG-20170125-WA0000-768x432.jpg 768w, https:\/\/agora.xtec.cat\/escolaelviver\/wp-content\/uploads\/usu460\/2017\/01\/IMG-20170125-WA0000.jpg 1600w\" sizes=\"auto, (max-width: 1024px) 100vw, 1024px\" \/><\/a><\/p>\n","protected":false},"excerpt":{"rendered":"<p>Els alumnes de 6\u00e8 hem visitat l&#8217;Exposici\u00f3 del pintor montcadenc Joan Capella que es troba a l&#8217;auditori municipal de Montcada i Reixac.<br \/>\nEns han explicat la hist\u00f2ria de la seva vida i tamb\u00e9 hem vist molts quadres que va pintar. Hem pogut veure les seves primeres&hellip;  <a href=\"https:\/\/agora.xtec.cat\/escolaelviver\/portada\/visita-a-lexposicio-de-joan-capella\/\" title=\"Read VISITA A L&#8217;EXPOSICI\u00d3 DE JOAN CAPELLA!\">Llegeix m\u00e9s\u00bb<\/a><\/p>\n","protected":false},"author":32,"featured_media":965,"comment_status":"open","ping_status":"open","sticky":false,"template":"","format":"standard","meta":{"_bbp_topic_count":0,"_bbp_reply_count":0,"_bbp_total_topic_count":0,"_bbp_total_reply_count":0,"_bbp_voice_count":0,"_bbp_anonymous_reply_count":0,"_bbp_topic_count_hidden":0,"_bbp_reply_count_hidden":0,"_bbp_forum_subforum_count":0,"footnotes":""},"categories":[4,15],"tags":[],"class_list":["post-964","post","type-post","status-publish","format-standard","has-post-thumbnail","hentry","category-portada","category-promocio2005"],"post_mailing_queue_ids":[],"_links":{"self":[{"href":"https:\/\/agora.xtec.cat\/escolaelviver\/wp-json\/wp\/v2\/posts\/964","targetHints":{"allow":["GET"]}}],"collection":[{"href":"https:\/\/agora.xtec.cat\/escolaelviver\/wp-json\/wp\/v2\/posts"}],"about":[{"href":"https:\/\/agora.xtec.cat\/escolaelviver\/wp-json\/wp\/v2\/types\/post"}],"author":[{"embeddable":true,"href":"https:\/\/agora.xtec.cat\/escolaelviver\/wp-json\/wp\/v2\/users\/32"}],"replies":[{"embeddable":true,"href":"https:\/\/agora.xtec.cat\/escolaelviver\/wp-json\/wp\/v2\/comments?post=964"}],"version-history":[{"count":3,"href":"https:\/\/agora.xtec.cat\/escolaelviver\/wp-json\/wp\/v2\/posts\/964\/revisions"}],"predecessor-version":[{"id":974,"href":"https:\/\/agora.xtec.cat\/escolaelviver\/wp-json\/wp\/v2\/posts\/964\/revisions\/974"}],"wp:featuredmedia":[{"embeddable":true,"href":"https:\/\/agora.xtec.cat\/escolaelviver\/wp-json\/wp\/v2\/media\/965"}],"wp:attachment":[{"href":"https:\/\/agora.xtec.cat\/escolaelviver\/wp-json\/wp\/v2\/media?parent=964"}],"wp:term":[{"taxonomy":"category","embeddable":true,"href":"https:\/\/agora.xtec.cat\/escolaelviver\/wp-json\/wp\/v2\/categories?post=964"},{"taxonomy":"post_tag","embeddable":true,"href":"https:\/\/agora.xtec.cat\/escolaelviver\/wp-json\/wp\/v2\/tags?post=964"}],"curies":[{"name":"wp","href":"https:\/\/api.w.org\/{rel}","templated":true}]}}