{"id":920,"date":"2016-12-11T09:07:08","date_gmt":"2016-12-11T08:07:08","guid":{"rendered":"http:\/\/agora.xtec.cat\/escolaelviver\/?p=920"},"modified":"2017-01-11T09:35:34","modified_gmt":"2017-01-11T08:35:34","slug":"millorem-les-relacions-per-millorar-els-resultats-activitats-amb-les-families","status":"publish","type":"post","link":"https:\/\/agora.xtec.cat\/escolaelviver\/general\/millorem-les-relacions-per-millorar-els-resultats-activitats-amb-les-families\/","title":{"rendered":"&#8220;Millorem les relacions per millorar els resultats&#8221;, activitats amb les fam\u00edlies."},"content":{"rendered":"<p><a href=\"https:\/\/goo.gl\/photos\/qH9PcMV9XYNodEai8\"><img loading=\"lazy\" decoding=\"async\" class=\"aligncenter wp-image-922 size-full\" src=\"http:\/\/agora.xtec.cat\/escolaelviver\/wp-content\/uploads\/usu460\/2017\/01\/mares.jpg\" alt=\"mares\" width=\"640\" height=\"480\" srcset=\"https:\/\/agora.xtec.cat\/escolaelviver\/wp-content\/uploads\/usu460\/2017\/01\/mares.jpg 640w, https:\/\/agora.xtec.cat\/escolaelviver\/wp-content\/uploads\/usu460\/2017\/01\/mares-300x225.jpg 300w, https:\/\/agora.xtec.cat\/escolaelviver\/wp-content\/uploads\/usu460\/2017\/01\/mares-200x150.jpg 200w\" sizes=\"auto, (max-width: 640px) 100vw, 640px\" \/><\/a><\/p>\n<p>Aquest mes de novembre algunes mares de l&#8217;escola han participat en l&#8217;activitat &#8220;Millorem les relacions per millorar els resultats&#8221;. Aquesta activitat ha estat realitzada en col\u00b7laboraci\u00f3 entre l&#8217;escola i els Serveis Socials de Montcada i Reixac.<\/p>\n<p>Mares i t\u00e8cniques han compartit els dimarts als matins conversant i realitzant activitats sobre la import\u00e0ncia de l&#8217;educaci\u00f3, els h\u00e0bits i les rutines, la comunicaci\u00f3 entre la fam\u00edlia i l&#8217;escola i la participaci\u00f3 de les fam\u00edlies en les activitats escolars i en les activitats de l&#8217;AMPA.<\/p>\n<p>Ha estat una experi\u00e8ncia molt positiva per totes les participants.<\/p>\n<p>A les fotografies podem veure tant els murals-resum de les activitats realitzades com el lliurament del certificat de participaci\u00f3 amb un petit obsequi.<\/p>\n<p>Properament esperem poder tornar a organitzar l&#8217;activitat amb un nou grup de mares de l&#8217;escola.<\/p>\n","protected":false},"excerpt":{"rendered":"<p><a href=\"https:\/\/goo.gl\/photos\/qH9PcMV9XYNodEai8\"><\/a><br \/>\nAquest mes de novembre algunes mares de l&#8217;escola han participat en l&#8217;activitat &#8220;Millorem les relacions per millorar els resultats&#8221;. Aquesta activitat ha estat realitzada en col\u00b7laboraci\u00f3 entre l&#8217;escola i els Serveis Socials de Montcada i Reixac.<br \/>\nMares i t\u00e8cniques han compartit els dimarts als matins&hellip;  <a href=\"https:\/\/agora.xtec.cat\/escolaelviver\/general\/millorem-les-relacions-per-millorar-els-resultats-activitats-amb-les-families\/\" title=\"Read &#8220;Millorem les relacions per millorar els resultats&#8221;, activitats amb les fam\u00edlies.\">Llegeix m\u00e9s\u00bb<\/a><\/p>\n","protected":false},"author":1,"featured_media":922,"comment_status":"open","ping_status":"open","sticky":false,"template":"","format":"standard","meta":{"_bbp_topic_count":0,"_bbp_reply_count":0,"_bbp_total_topic_count":0,"_bbp_total_reply_count":0,"_bbp_voice_count":0,"_bbp_anonymous_reply_count":0,"_bbp_topic_count_hidden":0,"_bbp_reply_count_hidden":0,"_bbp_forum_subforum_count":0,"footnotes":""},"categories":[1,4],"tags":[],"class_list":["post-920","post","type-post","status-publish","format-standard","has-post-thumbnail","hentry","category-general","category-portada"],"post_mailing_queue_ids":[],"_links":{"self":[{"href":"https:\/\/agora.xtec.cat\/escolaelviver\/wp-json\/wp\/v2\/posts\/920","targetHints":{"allow":["GET"]}}],"collection":[{"href":"https:\/\/agora.xtec.cat\/escolaelviver\/wp-json\/wp\/v2\/posts"}],"about":[{"href":"https:\/\/agora.xtec.cat\/escolaelviver\/wp-json\/wp\/v2\/types\/post"}],"author":[{"embeddable":true,"href":"https:\/\/agora.xtec.cat\/escolaelviver\/wp-json\/wp\/v2\/users\/1"}],"replies":[{"embeddable":true,"href":"https:\/\/agora.xtec.cat\/escolaelviver\/wp-json\/wp\/v2\/comments?post=920"}],"version-history":[{"count":3,"href":"https:\/\/agora.xtec.cat\/escolaelviver\/wp-json\/wp\/v2\/posts\/920\/revisions"}],"predecessor-version":[{"id":925,"href":"https:\/\/agora.xtec.cat\/escolaelviver\/wp-json\/wp\/v2\/posts\/920\/revisions\/925"}],"wp:featuredmedia":[{"embeddable":true,"href":"https:\/\/agora.xtec.cat\/escolaelviver\/wp-json\/wp\/v2\/media\/922"}],"wp:attachment":[{"href":"https:\/\/agora.xtec.cat\/escolaelviver\/wp-json\/wp\/v2\/media?parent=920"}],"wp:term":[{"taxonomy":"category","embeddable":true,"href":"https:\/\/agora.xtec.cat\/escolaelviver\/wp-json\/wp\/v2\/categories?post=920"},{"taxonomy":"post_tag","embeddable":true,"href":"https:\/\/agora.xtec.cat\/escolaelviver\/wp-json\/wp\/v2\/tags?post=920"}],"curies":[{"name":"wp","href":"https:\/\/api.w.org\/{rel}","templated":true}]}}