{"id":4103,"date":"2019-10-15T12:24:10","date_gmt":"2019-10-15T10:24:10","guid":{"rendered":"http:\/\/agora.xtec.cat\/escolaelviver\/?p=4103"},"modified":"2019-10-15T12:24:10","modified_gmt":"2019-10-15T10:24:10","slug":"exposicions-huraca-llorenc","status":"publish","type":"post","link":"https:\/\/agora.xtec.cat\/escolaelviver\/general\/exposicions-huraca-llorenc\/","title":{"rendered":"EXPOSICIONS HURAC\u00c0 LLOREN\u00c7!"},"content":{"rendered":"<p>Entre avui i dijous els nens i les nenes de 5\u00e8 B estem exposant els nostres treballs sobre l&#8217;hurac\u00e0 Lloren\u00e7. Aix\u00ed han quedat les nostres exposicions:<\/p>\n<p><a href=\"https:\/\/agora.xtec.cat\/escolaelviver\/wp-content\/uploads\/usu460\/2019\/10\/IMG_2019-10-15_10-46-17.jpg\"><img loading=\"lazy\" decoding=\"async\" class=\"alignnone size-large wp-image-4104\" src=\"https:\/\/agora.xtec.cat\/escolaelviver\/wp-content\/uploads\/usu460\/2019\/10\/IMG_2019-10-15_10-46-17-1024x1024.jpg\" alt=\"\" width=\"1024\" height=\"1024\" srcset=\"https:\/\/agora.xtec.cat\/escolaelviver\/wp-content\/uploads\/usu460\/2019\/10\/IMG_2019-10-15_10-46-17-1024x1024.jpg 1024w, https:\/\/agora.xtec.cat\/escolaelviver\/wp-content\/uploads\/usu460\/2019\/10\/IMG_2019-10-15_10-46-17-150x150.jpg 150w, https:\/\/agora.xtec.cat\/escolaelviver\/wp-content\/uploads\/usu460\/2019\/10\/IMG_2019-10-15_10-46-17-300x300.jpg 300w, https:\/\/agora.xtec.cat\/escolaelviver\/wp-content\/uploads\/usu460\/2019\/10\/IMG_2019-10-15_10-46-17-768x768.jpg 768w, https:\/\/agora.xtec.cat\/escolaelviver\/wp-content\/uploads\/usu460\/2019\/10\/IMG_2019-10-15_10-46-17.jpg 1080w\" sizes=\"auto, (max-width: 1024px) 100vw, 1024px\" \/><\/a><\/p>\n<p><a href=\"https:\/\/agora.xtec.cat\/escolaelviver\/wp-content\/uploads\/usu460\/2019\/10\/IMG_2019-10-15_10-44-56.jpg\"><img loading=\"lazy\" decoding=\"async\" class=\"alignnone size-large wp-image-4105\" src=\"https:\/\/agora.xtec.cat\/escolaelviver\/wp-content\/uploads\/usu460\/2019\/10\/IMG_2019-10-15_10-44-56-1024x1024.jpg\" alt=\"\" width=\"1024\" height=\"1024\" srcset=\"https:\/\/agora.xtec.cat\/escolaelviver\/wp-content\/uploads\/usu460\/2019\/10\/IMG_2019-10-15_10-44-56-1024x1024.jpg 1024w, https:\/\/agora.xtec.cat\/escolaelviver\/wp-content\/uploads\/usu460\/2019\/10\/IMG_2019-10-15_10-44-56-150x150.jpg 150w, https:\/\/agora.xtec.cat\/escolaelviver\/wp-content\/uploads\/usu460\/2019\/10\/IMG_2019-10-15_10-44-56-300x300.jpg 300w, https:\/\/agora.xtec.cat\/escolaelviver\/wp-content\/uploads\/usu460\/2019\/10\/IMG_2019-10-15_10-44-56-768x768.jpg 768w, https:\/\/agora.xtec.cat\/escolaelviver\/wp-content\/uploads\/usu460\/2019\/10\/IMG_2019-10-15_10-44-56.jpg 1080w\" sizes=\"auto, (max-width: 1024px) 100vw, 1024px\" \/><\/a><\/p>\n<p><a href=\"https:\/\/agora.xtec.cat\/escolaelviver\/wp-content\/uploads\/usu460\/2019\/10\/IMG_2019-10-15_10-43-07.jpg\"><img loading=\"lazy\" decoding=\"async\" class=\"alignnone size-large wp-image-4106\" src=\"https:\/\/agora.xtec.cat\/escolaelviver\/wp-content\/uploads\/usu460\/2019\/10\/IMG_2019-10-15_10-43-07-1024x1024.jpg\" alt=\"\" width=\"1024\" height=\"1024\" srcset=\"https:\/\/agora.xtec.cat\/escolaelviver\/wp-content\/uploads\/usu460\/2019\/10\/IMG_2019-10-15_10-43-07-1024x1024.jpg 1024w, https:\/\/agora.xtec.cat\/escolaelviver\/wp-content\/uploads\/usu460\/2019\/10\/IMG_2019-10-15_10-43-07-150x150.jpg 150w, https:\/\/agora.xtec.cat\/escolaelviver\/wp-content\/uploads\/usu460\/2019\/10\/IMG_2019-10-15_10-43-07-300x300.jpg 300w, https:\/\/agora.xtec.cat\/escolaelviver\/wp-content\/uploads\/usu460\/2019\/10\/IMG_2019-10-15_10-43-07-768x768.jpg 768w, https:\/\/agora.xtec.cat\/escolaelviver\/wp-content\/uploads\/usu460\/2019\/10\/IMG_2019-10-15_10-43-07.jpg 1080w\" sizes=\"auto, (max-width: 1024px) 100vw, 1024px\" \/><\/a><\/p>\n","protected":false},"excerpt":{"rendered":"<p>Entre avui i dijous els nens i les nenes de 5\u00e8 B estem exposant els nostres treballs sobre l&#8217;hurac\u00e0 Lloren\u00e7. Aix\u00ed han quedat les nostres exposicions:<br \/>\n<a href=\"https:\/\/agora.xtec.cat\/escolaelviver\/wp-content\/uploads\/usu460\/2019\/10\/IMG_2019-10-15_10-46-17.jpg\"><\/a><br \/>\n<a href=\"https:\/\/agora.xtec.cat\/escolaelviver\/wp-content\/uploads\/usu460\/2019\/10\/IMG_2019-10-15_10-44-56.jpg\"><\/a><br \/>\n<a href=\"https:\/\/agora.xtec.cat\/escolaelviver\/wp-content\/uploads\/usu460\/2019\/10\/IMG_2019-10-15_10-43-07.jpg\"><\/a><\/p>\n","protected":false},"author":32,"featured_media":4106,"comment_status":"open","ping_status":"closed","sticky":false,"template":"","format":"standard","meta":{"_bbp_topic_count":0,"_bbp_reply_count":0,"_bbp_total_topic_count":0,"_bbp_total_reply_count":0,"_bbp_voice_count":0,"_bbp_anonymous_reply_count":0,"_bbp_topic_count_hidden":0,"_bbp_reply_count_hidden":0,"_bbp_forum_subforum_count":0,"footnotes":""},"categories":[96,1,4],"tags":[],"class_list":["post-4103","post","type-post","status-publish","format-standard","has-post-thumbnail","hentry","category-5e","category-general","category-portada"],"post_mailing_queue_ids":[],"_links":{"self":[{"href":"https:\/\/agora.xtec.cat\/escolaelviver\/wp-json\/wp\/v2\/posts\/4103","targetHints":{"allow":["GET"]}}],"collection":[{"href":"https:\/\/agora.xtec.cat\/escolaelviver\/wp-json\/wp\/v2\/posts"}],"about":[{"href":"https:\/\/agora.xtec.cat\/escolaelviver\/wp-json\/wp\/v2\/types\/post"}],"author":[{"embeddable":true,"href":"https:\/\/agora.xtec.cat\/escolaelviver\/wp-json\/wp\/v2\/users\/32"}],"replies":[{"embeddable":true,"href":"https:\/\/agora.xtec.cat\/escolaelviver\/wp-json\/wp\/v2\/comments?post=4103"}],"version-history":[{"count":1,"href":"https:\/\/agora.xtec.cat\/escolaelviver\/wp-json\/wp\/v2\/posts\/4103\/revisions"}],"predecessor-version":[{"id":4107,"href":"https:\/\/agora.xtec.cat\/escolaelviver\/wp-json\/wp\/v2\/posts\/4103\/revisions\/4107"}],"wp:featuredmedia":[{"embeddable":true,"href":"https:\/\/agora.xtec.cat\/escolaelviver\/wp-json\/wp\/v2\/media\/4106"}],"wp:attachment":[{"href":"https:\/\/agora.xtec.cat\/escolaelviver\/wp-json\/wp\/v2\/media?parent=4103"}],"wp:term":[{"taxonomy":"category","embeddable":true,"href":"https:\/\/agora.xtec.cat\/escolaelviver\/wp-json\/wp\/v2\/categories?post=4103"},{"taxonomy":"post_tag","embeddable":true,"href":"https:\/\/agora.xtec.cat\/escolaelviver\/wp-json\/wp\/v2\/tags?post=4103"}],"curies":[{"name":"wp","href":"https:\/\/api.w.org\/{rel}","templated":true}]}}