{"id":4053,"date":"2019-09-12T14:54:54","date_gmt":"2019-09-12T12:54:54","guid":{"rendered":"http:\/\/agora.xtec.cat\/escolaelviver\/?p=4053"},"modified":"2019-09-12T14:55:31","modified_gmt":"2019-09-12T12:55:31","slug":"ja-hem-iniciat-el-curs-2019-2020","status":"publish","type":"post","link":"https:\/\/agora.xtec.cat\/escolaelviver\/portada\/ja-hem-iniciat-el-curs-2019-2020\/","title":{"rendered":"Ja hem iniciat el curs 2019-2020"},"content":{"rendered":"<p><img loading=\"lazy\" decoding=\"async\" class=\"alignnone size-full wp-image-4054\" src=\"https:\/\/agora.xtec.cat\/escolaelviver\/wp-content\/uploads\/usu460\/2019\/09\/viver-11.jpg\" alt=\"\" width=\"900\" height=\"495\" srcset=\"https:\/\/agora.xtec.cat\/escolaelviver\/wp-content\/uploads\/usu460\/2019\/09\/viver-11.jpg 900w, https:\/\/agora.xtec.cat\/escolaelviver\/wp-content\/uploads\/usu460\/2019\/09\/viver-11-300x165.jpg 300w, https:\/\/agora.xtec.cat\/escolaelviver\/wp-content\/uploads\/usu460\/2019\/09\/viver-11-768x422.jpg 768w\" sizes=\"auto, (max-width: 900px) 100vw, 900px\" \/><\/p>\n<p>&nbsp;<\/p>\n<p>Avui la Veu de Montcada ens ha visitat en la inaguraci\u00f3 del curs 2019-2020.\u00a0 Els i les alumnes de prim\u00e0ria han fet una gran rebuda als joves que comencen una nova etapa, l&#8217;educaci\u00f3 secund\u00e0ria<span style=\"font-family: inherit; font-size: 1em;\">. L&#8217;escola es fa gran, i comencem com a Institut-Escola.\u00a0<\/span><\/p>\n<p>&nbsp;<\/p>\n<p>Podeu llegir l&#8217;article original de la Veu: <a href=\"https:\/\/www.laveu.cat\/societat.cfm\/id\/599554\/arrenca-nou-curs-amb-posada-marxa-l_institut-escola-viver-com-principal-novetat.htm\">https:\/\/www.laveu.cat\/societat.cfm\/id\/599554\/arrenca-nou-curs-amb-posada-marxa-l_institut-escola-viver-com-principal-novetat.htm<\/a><\/p>\n<p>&nbsp;<\/p>\n","protected":false},"excerpt":{"rendered":"<p>&nbsp;<br \/>\nAvui la Veu de Montcada ens ha visitat en la inaguraci\u00f3 del curs 2019-2020.\u00a0 Els i les alumnes de prim\u00e0ria han fet una gran rebuda als joves que comencen una nova etapa, l&#8217;educaci\u00f3 secund\u00e0ria. L&#8217;escola es fa gran, i comencem com a Institut-Escola.\u00a0<br \/>\n&nbsp;<br \/>\nPodeu llegir l&#8217;article&hellip;  <a href=\"https:\/\/agora.xtec.cat\/escolaelviver\/portada\/ja-hem-iniciat-el-curs-2019-2020\/\" title=\"Read Ja hem iniciat el curs 2019-2020\">Llegeix m\u00e9s\u00bb<\/a><\/p>\n","protected":false},"author":3,"featured_media":4054,"comment_status":"open","ping_status":"closed","sticky":false,"template":"","format":"standard","meta":{"_bbp_topic_count":0,"_bbp_reply_count":0,"_bbp_total_topic_count":0,"_bbp_total_reply_count":0,"_bbp_voice_count":0,"_bbp_anonymous_reply_count":0,"_bbp_topic_count_hidden":0,"_bbp_reply_count_hidden":0,"_bbp_forum_subforum_count":0,"footnotes":""},"categories":[58,4],"tags":[],"class_list":["post-4053","post","type-post","status-publish","format-standard","has-post-thumbnail","hentry","category-curs-actual","category-portada"],"post_mailing_queue_ids":[],"_links":{"self":[{"href":"https:\/\/agora.xtec.cat\/escolaelviver\/wp-json\/wp\/v2\/posts\/4053","targetHints":{"allow":["GET"]}}],"collection":[{"href":"https:\/\/agora.xtec.cat\/escolaelviver\/wp-json\/wp\/v2\/posts"}],"about":[{"href":"https:\/\/agora.xtec.cat\/escolaelviver\/wp-json\/wp\/v2\/types\/post"}],"author":[{"embeddable":true,"href":"https:\/\/agora.xtec.cat\/escolaelviver\/wp-json\/wp\/v2\/users\/3"}],"replies":[{"embeddable":true,"href":"https:\/\/agora.xtec.cat\/escolaelviver\/wp-json\/wp\/v2\/comments?post=4053"}],"version-history":[{"count":1,"href":"https:\/\/agora.xtec.cat\/escolaelviver\/wp-json\/wp\/v2\/posts\/4053\/revisions"}],"predecessor-version":[{"id":4055,"href":"https:\/\/agora.xtec.cat\/escolaelviver\/wp-json\/wp\/v2\/posts\/4053\/revisions\/4055"}],"wp:featuredmedia":[{"embeddable":true,"href":"https:\/\/agora.xtec.cat\/escolaelviver\/wp-json\/wp\/v2\/media\/4054"}],"wp:attachment":[{"href":"https:\/\/agora.xtec.cat\/escolaelviver\/wp-json\/wp\/v2\/media?parent=4053"}],"wp:term":[{"taxonomy":"category","embeddable":true,"href":"https:\/\/agora.xtec.cat\/escolaelviver\/wp-json\/wp\/v2\/categories?post=4053"},{"taxonomy":"post_tag","embeddable":true,"href":"https:\/\/agora.xtec.cat\/escolaelviver\/wp-json\/wp\/v2\/tags?post=4053"}],"curies":[{"name":"wp","href":"https:\/\/api.w.org\/{rel}","templated":true}]}}