{"id":4038,"date":"2019-06-23T18:09:06","date_gmt":"2019-06-23T16:09:06","guid":{"rendered":"http:\/\/agora.xtec.cat\/escolaelviver\/?p=4038"},"modified":"2019-06-23T18:09:49","modified_gmt":"2019-06-23T16:09:49","slug":"ultim-dia-del-curs-2018-19","status":"publish","type":"post","link":"https:\/\/agora.xtec.cat\/escolaelviver\/general\/ultim-dia-del-curs-2018-19\/","title":{"rendered":"\u00daltim dia del curs 2018-19"},"content":{"rendered":"<p>El divendres, \u00faltim dia d&#8217;escola, els nens i nens de cicle mitj\u00e0 vam anar d&#8217;excursi\u00f3 tots junts. Vam anar a un lloc de Montcada on hi ha inflables d&#8217;aigua i moltes activitats molt divertides. Vam passar un mat\u00ed fant\u00e0stic i ens vam acomiadar del curs. Ara ja ens toca descansar una mica. Ens veiem el curs que ve!<\/p>\n<p>Podeu veure totes les fotos que ens van fer clicant aqu\u00ed <a href=\"https:\/\/photos.app.goo.gl\/U7kpsXfXTRyyynX27\" target=\"_blank\" rel=\"noopener noreferrer\">https:\/\/photos.app.goo.gl\/U7kpsXfXTRyyynX27<\/a><\/p>\n<p><a href=\"https:\/\/agora.xtec.cat\/escolaelviver\/wp-content\/uploads\/usu460\/2019\/06\/DSC_0068A.jpg\"><img loading=\"lazy\" decoding=\"async\" class=\"alignnone size-large wp-image-4039\" src=\"https:\/\/agora.xtec.cat\/escolaelviver\/wp-content\/uploads\/usu460\/2019\/06\/DSC_0068A-1024x1024.jpg\" alt=\"\" width=\"1024\" height=\"1024\" srcset=\"https:\/\/agora.xtec.cat\/escolaelviver\/wp-content\/uploads\/usu460\/2019\/06\/DSC_0068A-1024x1024.jpg 1024w, https:\/\/agora.xtec.cat\/escolaelviver\/wp-content\/uploads\/usu460\/2019\/06\/DSC_0068A-150x150.jpg 150w, https:\/\/agora.xtec.cat\/escolaelviver\/wp-content\/uploads\/usu460\/2019\/06\/DSC_0068A-300x300.jpg 300w, https:\/\/agora.xtec.cat\/escolaelviver\/wp-content\/uploads\/usu460\/2019\/06\/DSC_0068A-768x768.jpg 768w\" sizes=\"auto, (max-width: 1024px) 100vw, 1024px\" \/><\/a><\/p>\n","protected":false},"excerpt":{"rendered":"<p>El divendres, \u00faltim dia d&#8217;escola, els nens i nens de cicle mitj\u00e0 vam anar d&#8217;excursi\u00f3 tots junts. Vam anar a un lloc de Montcada on hi ha inflables d&#8217;aigua i moltes activitats molt divertides. Vam passar un mat\u00ed fant\u00e0stic i ens vam acomiadar del curs.&hellip;  <a href=\"https:\/\/agora.xtec.cat\/escolaelviver\/general\/ultim-dia-del-curs-2018-19\/\" title=\"Read \u00daltim dia del curs 2018-19\">Llegeix m\u00e9s\u00bb<\/a><\/p>\n","protected":false},"author":51,"featured_media":4039,"comment_status":"open","ping_status":"closed","sticky":false,"template":"","format":"standard","meta":{"_bbp_topic_count":0,"_bbp_reply_count":0,"_bbp_total_topic_count":0,"_bbp_total_reply_count":0,"_bbp_voice_count":0,"_bbp_anonymous_reply_count":0,"_bbp_topic_count_hidden":0,"_bbp_reply_count_hidden":0,"_bbp_forum_subforum_count":0,"footnotes":""},"categories":[94,95,58,1,4],"tags":[],"class_list":["post-4038","post","type-post","status-publish","format-standard","has-post-thumbnail","hentry","category-3r","category-4t","category-curs-actual","category-general","category-portada"],"post_mailing_queue_ids":[],"_links":{"self":[{"href":"https:\/\/agora.xtec.cat\/escolaelviver\/wp-json\/wp\/v2\/posts\/4038","targetHints":{"allow":["GET"]}}],"collection":[{"href":"https:\/\/agora.xtec.cat\/escolaelviver\/wp-json\/wp\/v2\/posts"}],"about":[{"href":"https:\/\/agora.xtec.cat\/escolaelviver\/wp-json\/wp\/v2\/types\/post"}],"author":[{"embeddable":true,"href":"https:\/\/agora.xtec.cat\/escolaelviver\/wp-json\/wp\/v2\/users\/51"}],"replies":[{"embeddable":true,"href":"https:\/\/agora.xtec.cat\/escolaelviver\/wp-json\/wp\/v2\/comments?post=4038"}],"version-history":[{"count":2,"href":"https:\/\/agora.xtec.cat\/escolaelviver\/wp-json\/wp\/v2\/posts\/4038\/revisions"}],"predecessor-version":[{"id":4041,"href":"https:\/\/agora.xtec.cat\/escolaelviver\/wp-json\/wp\/v2\/posts\/4038\/revisions\/4041"}],"wp:featuredmedia":[{"embeddable":true,"href":"https:\/\/agora.xtec.cat\/escolaelviver\/wp-json\/wp\/v2\/media\/4039"}],"wp:attachment":[{"href":"https:\/\/agora.xtec.cat\/escolaelviver\/wp-json\/wp\/v2\/media?parent=4038"}],"wp:term":[{"taxonomy":"category","embeddable":true,"href":"https:\/\/agora.xtec.cat\/escolaelviver\/wp-json\/wp\/v2\/categories?post=4038"},{"taxonomy":"post_tag","embeddable":true,"href":"https:\/\/agora.xtec.cat\/escolaelviver\/wp-json\/wp\/v2\/tags?post=4038"}],"curies":[{"name":"wp","href":"https:\/\/api.w.org\/{rel}","templated":true}]}}