{"id":4023,"date":"2019-06-13T16:14:22","date_gmt":"2019-06-13T14:14:22","guid":{"rendered":"http:\/\/agora.xtec.cat\/escolaelviver\/?p=4023"},"modified":"2019-06-17T07:21:32","modified_gmt":"2019-06-17T05:21:32","slug":"concurs-de-lectura-en-veu-alta","status":"publish","type":"post","link":"https:\/\/agora.xtec.cat\/escolaelviver\/general\/concurs-de-lectura-en-veu-alta\/","title":{"rendered":"CONCURS DE LECTURA EN VEU ALTA!"},"content":{"rendered":"<p>Avui tots els nens i nenes de Cicle Superior hem anat al Kursaal al CONCURS DE LECRURA EN VEU ALTA.<\/p>\n<p>Els 8 alumnes finalistes de 5\u00e8 i 6\u00e8 ens han fet una demostraci\u00f3 de bona lectura! Tots ho han fet genial!!! S\u00f3n uns grans lectors!!!<\/p>\n<p><a href=\"https:\/\/agora.xtec.cat\/escolaelviver\/wp-content\/uploads\/usu460\/2019\/06\/IMG_2019-06-13_10-13-10.jpg\"><img loading=\"lazy\" decoding=\"async\" class=\"alignnone size-large wp-image-4024\" src=\"https:\/\/agora.xtec.cat\/escolaelviver\/wp-content\/uploads\/usu460\/2019\/06\/IMG_2019-06-13_10-13-10-1024x1024.jpg\" alt=\"\" width=\"1024\" height=\"1024\" srcset=\"https:\/\/agora.xtec.cat\/escolaelviver\/wp-content\/uploads\/usu460\/2019\/06\/IMG_2019-06-13_10-13-10-1024x1024.jpg 1024w, https:\/\/agora.xtec.cat\/escolaelviver\/wp-content\/uploads\/usu460\/2019\/06\/IMG_2019-06-13_10-13-10-150x150.jpg 150w, https:\/\/agora.xtec.cat\/escolaelviver\/wp-content\/uploads\/usu460\/2019\/06\/IMG_2019-06-13_10-13-10-300x300.jpg 300w, https:\/\/agora.xtec.cat\/escolaelviver\/wp-content\/uploads\/usu460\/2019\/06\/IMG_2019-06-13_10-13-10-768x768.jpg 768w, https:\/\/agora.xtec.cat\/escolaelviver\/wp-content\/uploads\/usu460\/2019\/06\/IMG_2019-06-13_10-13-10.jpg 1080w\" sizes=\"auto, (max-width: 1024px) 100vw, 1024px\" \/><\/a><\/p>\n<p><a href=\"https:\/\/agora.xtec.cat\/escolaelviver\/wp-content\/uploads\/usu460\/2019\/06\/IMG_2019-06-13_10-16-54.jpg\"><img loading=\"lazy\" decoding=\"async\" class=\"alignnone size-large wp-image-4025\" src=\"https:\/\/agora.xtec.cat\/escolaelviver\/wp-content\/uploads\/usu460\/2019\/06\/IMG_2019-06-13_10-16-54-1024x1024.jpg\" alt=\"\" width=\"1024\" height=\"1024\" srcset=\"https:\/\/agora.xtec.cat\/escolaelviver\/wp-content\/uploads\/usu460\/2019\/06\/IMG_2019-06-13_10-16-54-1024x1024.jpg 1024w, https:\/\/agora.xtec.cat\/escolaelviver\/wp-content\/uploads\/usu460\/2019\/06\/IMG_2019-06-13_10-16-54-150x150.jpg 150w, https:\/\/agora.xtec.cat\/escolaelviver\/wp-content\/uploads\/usu460\/2019\/06\/IMG_2019-06-13_10-16-54-300x300.jpg 300w, https:\/\/agora.xtec.cat\/escolaelviver\/wp-content\/uploads\/usu460\/2019\/06\/IMG_2019-06-13_10-16-54-768x768.jpg 768w, https:\/\/agora.xtec.cat\/escolaelviver\/wp-content\/uploads\/usu460\/2019\/06\/IMG_2019-06-13_10-16-54.jpg 1080w\" sizes=\"auto, (max-width: 1024px) 100vw, 1024px\" \/><\/a><\/p>\n<p><a href=\"https:\/\/agora.xtec.cat\/escolaelviver\/wp-content\/uploads\/usu460\/2019\/06\/IMG_2019-06-17_07-12-51.jpg\"><img loading=\"lazy\" decoding=\"async\" class=\"alignnone size-large wp-image-4026\" src=\"https:\/\/agora.xtec.cat\/escolaelviver\/wp-content\/uploads\/usu460\/2019\/06\/IMG_2019-06-17_07-12-51-1024x1024.jpg\" alt=\"\" width=\"1024\" height=\"1024\" srcset=\"https:\/\/agora.xtec.cat\/escolaelviver\/wp-content\/uploads\/usu460\/2019\/06\/IMG_2019-06-17_07-12-51-1024x1024.jpg 1024w, https:\/\/agora.xtec.cat\/escolaelviver\/wp-content\/uploads\/usu460\/2019\/06\/IMG_2019-06-17_07-12-51-150x150.jpg 150w, https:\/\/agora.xtec.cat\/escolaelviver\/wp-content\/uploads\/usu460\/2019\/06\/IMG_2019-06-17_07-12-51-300x300.jpg 300w, https:\/\/agora.xtec.cat\/escolaelviver\/wp-content\/uploads\/usu460\/2019\/06\/IMG_2019-06-17_07-12-51-768x768.jpg 768w, https:\/\/agora.xtec.cat\/escolaelviver\/wp-content\/uploads\/usu460\/2019\/06\/IMG_2019-06-17_07-12-51.jpg 1080w\" sizes=\"auto, (max-width: 1024px) 100vw, 1024px\" \/><\/a><\/p>\n","protected":false},"excerpt":{"rendered":"<p>Avui tots els nens i nenes de Cicle Superior hem anat al Kursaal al CONCURS DE LECRURA EN VEU ALTA.<br \/>\nEls 8 alumnes finalistes de 5\u00e8 i 6\u00e8 ens han fet una demostraci\u00f3 de bona lectura! Tots ho han fet genial!!! S\u00f3n uns grans lectors!!!<br \/>\n<a href=\"https:\/\/agora.xtec.cat\/escolaelviver\/wp-content\/uploads\/usu460\/2019\/06\/IMG_2019-06-13_10-13-10.jpg\"><\/a><br \/>\n<a&hellip;  <a href=\"https:\/\/agora.xtec.cat\/escolaelviver\/general\/concurs-de-lectura-en-veu-alta\/\" title=\"Read CONCURS DE LECTURA EN VEU ALTA!\">Llegeix m\u00e9s\u00bb<\/a><\/p>\n","protected":false},"author":32,"featured_media":4024,"comment_status":"open","ping_status":"closed","sticky":false,"template":"","format":"standard","meta":{"_bbp_topic_count":0,"_bbp_reply_count":0,"_bbp_total_topic_count":0,"_bbp_total_reply_count":0,"_bbp_voice_count":0,"_bbp_anonymous_reply_count":0,"_bbp_topic_count_hidden":0,"_bbp_reply_count_hidden":0,"_bbp_forum_subforum_count":0,"footnotes":""},"categories":[96,109,1,4],"tags":[],"class_list":["post-4023","post","type-post","status-publish","format-standard","has-post-thumbnail","hentry","category-5e","category-6e","category-general","category-portada"],"post_mailing_queue_ids":[],"_links":{"self":[{"href":"https:\/\/agora.xtec.cat\/escolaelviver\/wp-json\/wp\/v2\/posts\/4023","targetHints":{"allow":["GET"]}}],"collection":[{"href":"https:\/\/agora.xtec.cat\/escolaelviver\/wp-json\/wp\/v2\/posts"}],"about":[{"href":"https:\/\/agora.xtec.cat\/escolaelviver\/wp-json\/wp\/v2\/types\/post"}],"author":[{"embeddable":true,"href":"https:\/\/agora.xtec.cat\/escolaelviver\/wp-json\/wp\/v2\/users\/32"}],"replies":[{"embeddable":true,"href":"https:\/\/agora.xtec.cat\/escolaelviver\/wp-json\/wp\/v2\/comments?post=4023"}],"version-history":[{"count":1,"href":"https:\/\/agora.xtec.cat\/escolaelviver\/wp-json\/wp\/v2\/posts\/4023\/revisions"}],"predecessor-version":[{"id":4027,"href":"https:\/\/agora.xtec.cat\/escolaelviver\/wp-json\/wp\/v2\/posts\/4023\/revisions\/4027"}],"wp:featuredmedia":[{"embeddable":true,"href":"https:\/\/agora.xtec.cat\/escolaelviver\/wp-json\/wp\/v2\/media\/4024"}],"wp:attachment":[{"href":"https:\/\/agora.xtec.cat\/escolaelviver\/wp-json\/wp\/v2\/media?parent=4023"}],"wp:term":[{"taxonomy":"category","embeddable":true,"href":"https:\/\/agora.xtec.cat\/escolaelviver\/wp-json\/wp\/v2\/categories?post=4023"},{"taxonomy":"post_tag","embeddable":true,"href":"https:\/\/agora.xtec.cat\/escolaelviver\/wp-json\/wp\/v2\/tags?post=4023"}],"curies":[{"name":"wp","href":"https:\/\/api.w.org\/{rel}","templated":true}]}}