{"id":4017,"date":"2019-06-12T10:01:54","date_gmt":"2019-06-12T08:01:54","guid":{"rendered":"http:\/\/agora.xtec.cat\/escolaelviver\/?p=4017"},"modified":"2019-06-12T10:06:41","modified_gmt":"2019-06-12T08:06:41","slug":"com-mimagino-el-nostre-institut-i-com-sera-el-meu-futur","status":"publish","type":"post","link":"https:\/\/agora.xtec.cat\/escolaelviver\/general\/com-mimagino-el-nostre-institut-i-com-sera-el-meu-futur\/","title":{"rendered":"Com m&#8217;imagino el nostre institut i Com ser\u00e0 el meu futur"},"content":{"rendered":"<p>En aquesta entrada al bloc de l&#8217;escola us volem mostrar dos escrits d&#8217;uns alumnes de 6\u00e8 B en els quals han fet un exercici d&#8217;imaginaci\u00f3 per pensar com ser\u00e0 o de quina manera els hi agradaria que sigui el seu futur institut o el seu futur a la vida.<a href=\"https:\/\/agora.xtec.cat\/escolaelviver\/wp-content\/uploads\/usu460\/2019\/06\/IMG-20190606-WA0005-2.jpg\"><img loading=\"lazy\" decoding=\"async\" class=\"alignnone size-large wp-image-4018\" src=\"https:\/\/agora.xtec.cat\/escolaelviver\/wp-content\/uploads\/usu460\/2019\/06\/IMG-20190606-WA0005-2-768x1024.jpg\" alt=\"\" width=\"768\" height=\"1024\" srcset=\"https:\/\/agora.xtec.cat\/escolaelviver\/wp-content\/uploads\/usu460\/2019\/06\/IMG-20190606-WA0005-2.jpg 768w, https:\/\/agora.xtec.cat\/escolaelviver\/wp-content\/uploads\/usu460\/2019\/06\/IMG-20190606-WA0005-2-225x300.jpg 225w\" sizes=\"auto, (max-width: 768px) 100vw, 768px\" \/><\/a> <a href=\"https:\/\/agora.xtec.cat\/escolaelviver\/wp-content\/uploads\/usu460\/2019\/06\/IMG-20190606-WA0004-2.jpg\"><img loading=\"lazy\" decoding=\"async\" class=\"alignnone size-large wp-image-4019\" src=\"https:\/\/agora.xtec.cat\/escolaelviver\/wp-content\/uploads\/usu460\/2019\/06\/IMG-20190606-WA0004-2-768x1024.jpg\" alt=\"\" width=\"768\" height=\"1024\" srcset=\"https:\/\/agora.xtec.cat\/escolaelviver\/wp-content\/uploads\/usu460\/2019\/06\/IMG-20190606-WA0004-2.jpg 768w, https:\/\/agora.xtec.cat\/escolaelviver\/wp-content\/uploads\/usu460\/2019\/06\/IMG-20190606-WA0004-2-225x300.jpg 225w\" sizes=\"auto, (max-width: 768px) 100vw, 768px\" \/><\/a><\/p>\n","protected":false},"excerpt":{"rendered":"<p>En aquesta entrada al bloc de l&#8217;escola us volem mostrar dos escrits d&#8217;uns alumnes de 6\u00e8 B en els quals han fet un exercici d&#8217;imaginaci\u00f3 per pensar com ser\u00e0 o de quina manera els hi agradaria que sigui el seu futur institut o el seu&hellip;  <a href=\"https:\/\/agora.xtec.cat\/escolaelviver\/general\/com-mimagino-el-nostre-institut-i-com-sera-el-meu-futur\/\" title=\"Read Com m&#8217;imagino el nostre institut i Com ser\u00e0 el meu futur\">Llegeix m\u00e9s\u00bb<\/a><\/p>\n","protected":false},"author":59,"featured_media":4019,"comment_status":"open","ping_status":"closed","sticky":false,"template":"","format":"standard","meta":{"_bbp_topic_count":0,"_bbp_reply_count":0,"_bbp_total_topic_count":0,"_bbp_total_reply_count":0,"_bbp_voice_count":0,"_bbp_anonymous_reply_count":0,"_bbp_topic_count_hidden":0,"_bbp_reply_count_hidden":0,"_bbp_forum_subforum_count":0,"footnotes":""},"categories":[102,1,4,5],"tags":[],"class_list":["post-4017","post","type-post","status-publish","format-standard","has-post-thumbnail","hentry","category-el-viver-per-escrit","category-general","category-portada","category-primaria"],"post_mailing_queue_ids":[],"_links":{"self":[{"href":"https:\/\/agora.xtec.cat\/escolaelviver\/wp-json\/wp\/v2\/posts\/4017","targetHints":{"allow":["GET"]}}],"collection":[{"href":"https:\/\/agora.xtec.cat\/escolaelviver\/wp-json\/wp\/v2\/posts"}],"about":[{"href":"https:\/\/agora.xtec.cat\/escolaelviver\/wp-json\/wp\/v2\/types\/post"}],"author":[{"embeddable":true,"href":"https:\/\/agora.xtec.cat\/escolaelviver\/wp-json\/wp\/v2\/users\/59"}],"replies":[{"embeddable":true,"href":"https:\/\/agora.xtec.cat\/escolaelviver\/wp-json\/wp\/v2\/comments?post=4017"}],"version-history":[{"count":1,"href":"https:\/\/agora.xtec.cat\/escolaelviver\/wp-json\/wp\/v2\/posts\/4017\/revisions"}],"predecessor-version":[{"id":4020,"href":"https:\/\/agora.xtec.cat\/escolaelviver\/wp-json\/wp\/v2\/posts\/4017\/revisions\/4020"}],"wp:featuredmedia":[{"embeddable":true,"href":"https:\/\/agora.xtec.cat\/escolaelviver\/wp-json\/wp\/v2\/media\/4019"}],"wp:attachment":[{"href":"https:\/\/agora.xtec.cat\/escolaelviver\/wp-json\/wp\/v2\/media?parent=4017"}],"wp:term":[{"taxonomy":"category","embeddable":true,"href":"https:\/\/agora.xtec.cat\/escolaelviver\/wp-json\/wp\/v2\/categories?post=4017"},{"taxonomy":"post_tag","embeddable":true,"href":"https:\/\/agora.xtec.cat\/escolaelviver\/wp-json\/wp\/v2\/tags?post=4017"}],"curies":[{"name":"wp","href":"https:\/\/api.w.org\/{rel}","templated":true}]}}