{"id":3922,"date":"2019-05-23T13:35:51","date_gmt":"2019-05-23T11:35:51","guid":{"rendered":"http:\/\/agora.xtec.cat\/escolaelviver\/?p=3922"},"modified":"2019-05-23T15:28:13","modified_gmt":"2019-05-23T13:28:13","slug":"el-parc-de-laventura-el-bosc-elastic","status":"publish","type":"post","link":"https:\/\/agora.xtec.cat\/escolaelviver\/general\/el-parc-de-laventura-el-bosc-elastic\/","title":{"rendered":"El parc de l&#8217;aventura. EL BOSC EL\u00c0STIC."},"content":{"rendered":"<p>Les classes dels Monstres i de les Granotes hem anat d&#8217;excursi\u00f3 al Bosc El\u00e0stic.<\/p>\n<p><a href=\"https:\/\/photos.app.goo.gl\/rvATWBRRhDUSS2Yc9\">https:\/\/photos.app.goo.gl\/rvATWBRRhDUSS2Yc9<\/a><\/p>\n","protected":false},"excerpt":{"rendered":"<p>Les classes dels Monstres i de les Granotes hem anat d&#8217;excursi\u00f3 al Bosc El\u00e0stic.<br \/>\n<a href=\"https:\/\/photos.app.goo.gl\/rvATWBRRhDUSS2Yc9\">https:\/\/photos.app.goo.gl\/rvATWBRRhDUSS2Yc9<\/a><\/p>\n","protected":false},"author":62,"featured_media":3928,"comment_status":"open","ping_status":"closed","sticky":false,"template":"","format":"standard","meta":{"_bbp_topic_count":0,"_bbp_reply_count":0,"_bbp_total_topic_count":0,"_bbp_total_reply_count":0,"_bbp_voice_count":0,"_bbp_anonymous_reply_count":0,"_bbp_topic_count_hidden":0,"_bbp_reply_count_hidden":0,"_bbp_forum_subforum_count":0,"footnotes":""},"categories":[58,1,2,107,4,90],"tags":[],"class_list":["post-3922","post","type-post","status-publish","format-standard","has-post-thumbnail","hentry","category-curs-actual","category-general","category-infantil","category-p5","category-portada","category-prom2013_p4"],"post_mailing_queue_ids":[],"_links":{"self":[{"href":"https:\/\/agora.xtec.cat\/escolaelviver\/wp-json\/wp\/v2\/posts\/3922","targetHints":{"allow":["GET"]}}],"collection":[{"href":"https:\/\/agora.xtec.cat\/escolaelviver\/wp-json\/wp\/v2\/posts"}],"about":[{"href":"https:\/\/agora.xtec.cat\/escolaelviver\/wp-json\/wp\/v2\/types\/post"}],"author":[{"embeddable":true,"href":"https:\/\/agora.xtec.cat\/escolaelviver\/wp-json\/wp\/v2\/users\/62"}],"replies":[{"embeddable":true,"href":"https:\/\/agora.xtec.cat\/escolaelviver\/wp-json\/wp\/v2\/comments?post=3922"}],"version-history":[{"count":2,"href":"https:\/\/agora.xtec.cat\/escolaelviver\/wp-json\/wp\/v2\/posts\/3922\/revisions"}],"predecessor-version":[{"id":3929,"href":"https:\/\/agora.xtec.cat\/escolaelviver\/wp-json\/wp\/v2\/posts\/3922\/revisions\/3929"}],"wp:featuredmedia":[{"embeddable":true,"href":"https:\/\/agora.xtec.cat\/escolaelviver\/wp-json\/wp\/v2\/media\/3928"}],"wp:attachment":[{"href":"https:\/\/agora.xtec.cat\/escolaelviver\/wp-json\/wp\/v2\/media?parent=3922"}],"wp:term":[{"taxonomy":"category","embeddable":true,"href":"https:\/\/agora.xtec.cat\/escolaelviver\/wp-json\/wp\/v2\/categories?post=3922"},{"taxonomy":"post_tag","embeddable":true,"href":"https:\/\/agora.xtec.cat\/escolaelviver\/wp-json\/wp\/v2\/tags?post=3922"}],"curies":[{"name":"wp","href":"https:\/\/api.w.org\/{rel}","templated":true}]}}