{"id":3891,"date":"2019-05-17T12:02:12","date_gmt":"2019-05-17T10:02:12","guid":{"rendered":"http:\/\/agora.xtec.cat\/escolaelviver\/?p=3891"},"modified":"2019-05-17T12:02:32","modified_gmt":"2019-05-17T10:02:32","slug":"comenca-el-ramada-2n-b","status":"publish","type":"post","link":"https:\/\/agora.xtec.cat\/escolaelviver\/primaria\/2n\/comenca-el-ramada-2n-b\/","title":{"rendered":"Comen\u00e7a el Ramad\u00e0 (2n B)"},"content":{"rendered":"<p>Els vampirs i vampiresses hem fet un escrit del mes del ramad\u00e0.<\/p>\n<p>Aix\u00ed ara sabem quan es fa, qu\u00e8 es fa, quant dura i l&#8217;objectiu pel qual es fa.<\/p>\n<p><a href=\"https:\/\/agora.xtec.cat\/escolaelviver\/wp-content\/uploads\/usu460\/2019\/05\/IMG-20190517-WA0004.jpg\"><img loading=\"lazy\" decoding=\"async\" class=\"alignnone size-large wp-image-3892\" src=\"https:\/\/agora.xtec.cat\/escolaelviver\/wp-content\/uploads\/usu460\/2019\/05\/IMG-20190517-WA0004-675x1024.jpg\" alt=\"\" width=\"675\" height=\"1024\" srcset=\"https:\/\/agora.xtec.cat\/escolaelviver\/wp-content\/uploads\/usu460\/2019\/05\/IMG-20190517-WA0004.jpg 675w, https:\/\/agora.xtec.cat\/escolaelviver\/wp-content\/uploads\/usu460\/2019\/05\/IMG-20190517-WA0004-198x300.jpg 198w\" sizes=\"auto, (max-width: 675px) 100vw, 675px\" \/><\/a><\/p>\n","protected":false},"excerpt":{"rendered":"<p>Els vampirs i vampiresses hem fet un escrit del mes del ramad\u00e0.<br \/>\nAix\u00ed ara sabem quan es fa, qu\u00e8 es fa, quant dura i l&#8217;objectiu pel qual es fa.<br \/>\n<a href=\"https:\/\/agora.xtec.cat\/escolaelviver\/wp-content\/uploads\/usu460\/2019\/05\/IMG-20190517-WA0004.jpg\"><\/a><\/p>\n","protected":false},"author":49,"featured_media":0,"comment_status":"open","ping_status":"closed","sticky":false,"template":"","format":"standard","meta":{"_bbp_topic_count":0,"_bbp_reply_count":0,"_bbp_total_topic_count":0,"_bbp_total_reply_count":0,"_bbp_voice_count":0,"_bbp_anonymous_reply_count":0,"_bbp_topic_count_hidden":0,"_bbp_reply_count_hidden":0,"_bbp_forum_subforum_count":0,"footnotes":""},"categories":[93,102],"tags":[],"class_list":["post-3891","post","type-post","status-publish","format-standard","hentry","category-2n","category-el-viver-per-escrit"],"post_mailing_queue_ids":[],"_links":{"self":[{"href":"https:\/\/agora.xtec.cat\/escolaelviver\/wp-json\/wp\/v2\/posts\/3891","targetHints":{"allow":["GET"]}}],"collection":[{"href":"https:\/\/agora.xtec.cat\/escolaelviver\/wp-json\/wp\/v2\/posts"}],"about":[{"href":"https:\/\/agora.xtec.cat\/escolaelviver\/wp-json\/wp\/v2\/types\/post"}],"author":[{"embeddable":true,"href":"https:\/\/agora.xtec.cat\/escolaelviver\/wp-json\/wp\/v2\/users\/49"}],"replies":[{"embeddable":true,"href":"https:\/\/agora.xtec.cat\/escolaelviver\/wp-json\/wp\/v2\/comments?post=3891"}],"version-history":[{"count":2,"href":"https:\/\/agora.xtec.cat\/escolaelviver\/wp-json\/wp\/v2\/posts\/3891\/revisions"}],"predecessor-version":[{"id":3894,"href":"https:\/\/agora.xtec.cat\/escolaelviver\/wp-json\/wp\/v2\/posts\/3891\/revisions\/3894"}],"wp:attachment":[{"href":"https:\/\/agora.xtec.cat\/escolaelviver\/wp-json\/wp\/v2\/media?parent=3891"}],"wp:term":[{"taxonomy":"category","embeddable":true,"href":"https:\/\/agora.xtec.cat\/escolaelviver\/wp-json\/wp\/v2\/categories?post=3891"},{"taxonomy":"post_tag","embeddable":true,"href":"https:\/\/agora.xtec.cat\/escolaelviver\/wp-json\/wp\/v2\/tags?post=3891"}],"curies":[{"name":"wp","href":"https:\/\/api.w.org\/{rel}","templated":true}]}}