{"id":3881,"date":"2019-05-17T11:42:09","date_gmt":"2019-05-17T09:42:09","guid":{"rendered":"http:\/\/agora.xtec.cat\/escolaelviver\/?p=3881"},"modified":"2019-05-17T11:42:09","modified_gmt":"2019-05-17T09:42:09","slug":"teatre-vampirs-i-vampiresses","status":"publish","type":"post","link":"https:\/\/agora.xtec.cat\/escolaelviver\/primaria\/musica\/teatre-vampirs-i-vampiresses\/","title":{"rendered":"Teatre vampirs i vampiresses"},"content":{"rendered":"<p>Els vampirs i vampiresses es van convertir en personatges de Disney per cantar la can\u00e7\u00f3 de David Rees &#8220;De ellos aprend\u00ed&#8221; que fa un recull de les frases m\u00e9s m\u00edtiques de les pel\u00b7l\u00edcules Disney.<\/p>\n<p>Esperem que us agradi.<\/p>\n<p><a href=\"https:\/\/youtu.be\/F2-3u_MvK10\">https:\/\/youtu.be\/F2-3u_MvK10<\/a><\/p>\n","protected":false},"excerpt":{"rendered":"<p>Els vampirs i vampiresses es van convertir en personatges de Disney per cantar la can\u00e7\u00f3 de David Rees &#8220;De ellos aprend\u00ed&#8221; que fa un recull de les frases m\u00e9s m\u00edtiques de les pel\u00b7l\u00edcules Disney.<br \/>\nEsperem que us agradi.<br \/>\n<a href=\"https:\/\/youtu.be\/F2-3u_MvK10\">https:\/\/youtu.be\/F2-3u_MvK10<\/a><\/p>\n","protected":false},"author":49,"featured_media":3882,"comment_status":"open","ping_status":"closed","sticky":false,"template":"","format":"standard","meta":{"_bbp_topic_count":0,"_bbp_reply_count":0,"_bbp_total_topic_count":0,"_bbp_total_reply_count":0,"_bbp_voice_count":0,"_bbp_anonymous_reply_count":0,"_bbp_topic_count_hidden":0,"_bbp_reply_count_hidden":0,"_bbp_forum_subforum_count":0,"footnotes":""},"categories":[93,48,105],"tags":[],"class_list":["post-3881","post","type-post","status-publish","format-standard","has-post-thumbnail","hentry","category-2n","category-musica","category-teatre"],"post_mailing_queue_ids":[],"_links":{"self":[{"href":"https:\/\/agora.xtec.cat\/escolaelviver\/wp-json\/wp\/v2\/posts\/3881","targetHints":{"allow":["GET"]}}],"collection":[{"href":"https:\/\/agora.xtec.cat\/escolaelviver\/wp-json\/wp\/v2\/posts"}],"about":[{"href":"https:\/\/agora.xtec.cat\/escolaelviver\/wp-json\/wp\/v2\/types\/post"}],"author":[{"embeddable":true,"href":"https:\/\/agora.xtec.cat\/escolaelviver\/wp-json\/wp\/v2\/users\/49"}],"replies":[{"embeddable":true,"href":"https:\/\/agora.xtec.cat\/escolaelviver\/wp-json\/wp\/v2\/comments?post=3881"}],"version-history":[{"count":1,"href":"https:\/\/agora.xtec.cat\/escolaelviver\/wp-json\/wp\/v2\/posts\/3881\/revisions"}],"predecessor-version":[{"id":3883,"href":"https:\/\/agora.xtec.cat\/escolaelviver\/wp-json\/wp\/v2\/posts\/3881\/revisions\/3883"}],"wp:featuredmedia":[{"embeddable":true,"href":"https:\/\/agora.xtec.cat\/escolaelviver\/wp-json\/wp\/v2\/media\/3882"}],"wp:attachment":[{"href":"https:\/\/agora.xtec.cat\/escolaelviver\/wp-json\/wp\/v2\/media?parent=3881"}],"wp:term":[{"taxonomy":"category","embeddable":true,"href":"https:\/\/agora.xtec.cat\/escolaelviver\/wp-json\/wp\/v2\/categories?post=3881"},{"taxonomy":"post_tag","embeddable":true,"href":"https:\/\/agora.xtec.cat\/escolaelviver\/wp-json\/wp\/v2\/tags?post=3881"}],"curies":[{"name":"wp","href":"https:\/\/api.w.org\/{rel}","templated":true}]}}