{"id":3849,"date":"2019-05-06T09:59:55","date_gmt":"2019-05-06T07:59:55","guid":{"rendered":"http:\/\/agora.xtec.cat\/escolaelviver\/?p=3849"},"modified":"2019-05-06T10:05:50","modified_gmt":"2019-05-06T08:05:50","slug":"activitat-deducacio-fisica-amb-families-a-6e-b","status":"publish","type":"post","link":"https:\/\/agora.xtec.cat\/escolaelviver\/general\/activitat-deducacio-fisica-amb-families-a-6e-b\/","title":{"rendered":"Activitat d&#8217;Educaci\u00f3 F\u00edsica amb fam\u00edlies a 6\u00e8 B"},"content":{"rendered":"<p>Dijous passat, dia 2 de maig, va tenir lloc la ja tradicional activitat conjunta d&#8217;Educaci\u00f3 F\u00edsica, entre els alumnes i els seus familiars. Vam passar una estona molt divertida, tots\/es els participants es van mostrar molt motivats davant les activitats proposades, i ens ho vam passar d&#8217;all\u00f2 m\u00e9s b\u00e9!!!<\/p>\n<p><a href=\"https:\/\/agora.xtec.cat\/escolaelviver\/wp-content\/uploads\/usu460\/2019\/05\/IMG_2019-05-06_09-21-20-2.jpg\"><img loading=\"lazy\" decoding=\"async\" class=\"alignnone size-large wp-image-3854\" src=\"https:\/\/agora.xtec.cat\/escolaelviver\/wp-content\/uploads\/usu460\/2019\/05\/IMG_2019-05-06_09-21-20-2-1024x1024.jpg\" alt=\"\" width=\"1024\" height=\"1024\" srcset=\"https:\/\/agora.xtec.cat\/escolaelviver\/wp-content\/uploads\/usu460\/2019\/05\/IMG_2019-05-06_09-21-20-2-1024x1024.jpg 1024w, https:\/\/agora.xtec.cat\/escolaelviver\/wp-content\/uploads\/usu460\/2019\/05\/IMG_2019-05-06_09-21-20-2-150x150.jpg 150w, https:\/\/agora.xtec.cat\/escolaelviver\/wp-content\/uploads\/usu460\/2019\/05\/IMG_2019-05-06_09-21-20-2-300x300.jpg 300w, https:\/\/agora.xtec.cat\/escolaelviver\/wp-content\/uploads\/usu460\/2019\/05\/IMG_2019-05-06_09-21-20-2-768x768.jpg 768w, https:\/\/agora.xtec.cat\/escolaelviver\/wp-content\/uploads\/usu460\/2019\/05\/IMG_2019-05-06_09-21-20-2.jpg 1080w\" sizes=\"auto, (max-width: 1024px) 100vw, 1024px\" \/><\/a><\/p>\n<p><a href=\"https:\/\/agora.xtec.cat\/escolaelviver\/wp-content\/uploads\/usu460\/2019\/05\/IMG_2019-05-06_09-28-07.jpg\"><img loading=\"lazy\" decoding=\"async\" class=\"alignnone size-large wp-image-3852\" src=\"https:\/\/agora.xtec.cat\/escolaelviver\/wp-content\/uploads\/usu460\/2019\/05\/IMG_2019-05-06_09-28-07-1024x1024.jpg\" alt=\"\" width=\"1024\" height=\"1024\" srcset=\"https:\/\/agora.xtec.cat\/escolaelviver\/wp-content\/uploads\/usu460\/2019\/05\/IMG_2019-05-06_09-28-07-1024x1024.jpg 1024w, https:\/\/agora.xtec.cat\/escolaelviver\/wp-content\/uploads\/usu460\/2019\/05\/IMG_2019-05-06_09-28-07-150x150.jpg 150w, https:\/\/agora.xtec.cat\/escolaelviver\/wp-content\/uploads\/usu460\/2019\/05\/IMG_2019-05-06_09-28-07-300x300.jpg 300w, https:\/\/agora.xtec.cat\/escolaelviver\/wp-content\/uploads\/usu460\/2019\/05\/IMG_2019-05-06_09-28-07-768x768.jpg 768w, https:\/\/agora.xtec.cat\/escolaelviver\/wp-content\/uploads\/usu460\/2019\/05\/IMG_2019-05-06_09-28-07.jpg 1080w\" sizes=\"auto, (max-width: 1024px) 100vw, 1024px\" \/><\/a><\/p>\n<p>&nbsp;<\/p>\n<p>&nbsp;<\/p>\n","protected":false},"excerpt":{"rendered":"<p>Dijous passat, dia 2 de maig, va tenir lloc la ja tradicional activitat conjunta d&#8217;Educaci\u00f3 F\u00edsica, entre els alumnes i els seus familiars. Vam passar una estona molt divertida, tots\/es els participants es van mostrar molt motivats davant les activitats proposades, i ens ho vam&hellip;  <a href=\"https:\/\/agora.xtec.cat\/escolaelviver\/general\/activitat-deducacio-fisica-amb-families-a-6e-b\/\" title=\"Read Activitat d&#8217;Educaci\u00f3 F\u00edsica amb fam\u00edlies a 6\u00e8 B\">Llegeix m\u00e9s\u00bb<\/a><\/p>\n","protected":false},"author":59,"featured_media":3854,"comment_status":"open","ping_status":"closed","sticky":false,"template":"","format":"standard","meta":{"_bbp_topic_count":0,"_bbp_reply_count":0,"_bbp_total_topic_count":0,"_bbp_total_reply_count":0,"_bbp_voice_count":0,"_bbp_anonymous_reply_count":0,"_bbp_topic_count_hidden":0,"_bbp_reply_count_hidden":0,"_bbp_forum_subforum_count":0,"footnotes":""},"categories":[109,104,1,4],"tags":[],"class_list":["post-3849","post","type-post","status-publish","format-standard","has-post-thumbnail","hentry","category-6e","category-educacio-fisica","category-general","category-portada"],"post_mailing_queue_ids":[],"_links":{"self":[{"href":"https:\/\/agora.xtec.cat\/escolaelviver\/wp-json\/wp\/v2\/posts\/3849","targetHints":{"allow":["GET"]}}],"collection":[{"href":"https:\/\/agora.xtec.cat\/escolaelviver\/wp-json\/wp\/v2\/posts"}],"about":[{"href":"https:\/\/agora.xtec.cat\/escolaelviver\/wp-json\/wp\/v2\/types\/post"}],"author":[{"embeddable":true,"href":"https:\/\/agora.xtec.cat\/escolaelviver\/wp-json\/wp\/v2\/users\/59"}],"replies":[{"embeddable":true,"href":"https:\/\/agora.xtec.cat\/escolaelviver\/wp-json\/wp\/v2\/comments?post=3849"}],"version-history":[{"count":2,"href":"https:\/\/agora.xtec.cat\/escolaelviver\/wp-json\/wp\/v2\/posts\/3849\/revisions"}],"predecessor-version":[{"id":3855,"href":"https:\/\/agora.xtec.cat\/escolaelviver\/wp-json\/wp\/v2\/posts\/3849\/revisions\/3855"}],"wp:featuredmedia":[{"embeddable":true,"href":"https:\/\/agora.xtec.cat\/escolaelviver\/wp-json\/wp\/v2\/media\/3854"}],"wp:attachment":[{"href":"https:\/\/agora.xtec.cat\/escolaelviver\/wp-json\/wp\/v2\/media?parent=3849"}],"wp:term":[{"taxonomy":"category","embeddable":true,"href":"https:\/\/agora.xtec.cat\/escolaelviver\/wp-json\/wp\/v2\/categories?post=3849"},{"taxonomy":"post_tag","embeddable":true,"href":"https:\/\/agora.xtec.cat\/escolaelviver\/wp-json\/wp\/v2\/tags?post=3849"}],"curies":[{"name":"wp","href":"https:\/\/api.w.org\/{rel}","templated":true}]}}