{"id":3825,"date":"2019-02-28T11:53:23","date_gmt":"2019-02-28T10:53:23","guid":{"rendered":"http:\/\/agora.xtec.cat\/escolaelviver\/?p=3825"},"modified":"2019-05-02T11:53:58","modified_gmt":"2019-05-02T09:53:58","slug":"els-influencers-endrecem-idees-en-una-graella","status":"publish","type":"post","link":"https:\/\/agora.xtec.cat\/escolaelviver\/general\/els-influencers-endrecem-idees-en-una-graella\/","title":{"rendered":"ELS INFLUENCERS ENDRECEM IDEES EN UNA GRAELLA"},"content":{"rendered":"<p>Despr\u00e8s d&#8217;investigar molt i molt sobre la gravetat, ens hem adonat que tenim moltes idees al cap. Per endre\u00e7ar-les hem decidit escriure-les en una graella i aix\u00ed tenir-ho tot ben recollit.<\/p>\n<p><img loading=\"lazy\" decoding=\"async\" class=\"alignnone size-large wp-image-3826\" src=\"https:\/\/agora.xtec.cat\/escolaelviver\/wp-content\/uploads\/usu460\/2019\/05\/20190409_185042-1024x576.jpg\" alt=\"\" width=\"1024\" height=\"576\" srcset=\"https:\/\/agora.xtec.cat\/escolaelviver\/wp-content\/uploads\/usu460\/2019\/05\/20190409_185042-1024x576.jpg 1024w, https:\/\/agora.xtec.cat\/escolaelviver\/wp-content\/uploads\/usu460\/2019\/05\/20190409_185042-300x169.jpg 300w, https:\/\/agora.xtec.cat\/escolaelviver\/wp-content\/uploads\/usu460\/2019\/05\/20190409_185042-768x432.jpg 768w\" sizes=\"auto, (max-width: 1024px) 100vw, 1024px\" \/><\/p>\n","protected":false},"excerpt":{"rendered":"<p>Despr\u00e8s d&#8217;investigar molt i molt sobre la gravetat, ens hem adonat que tenim moltes idees al cap. Per endre\u00e7ar-les hem decidit escriure-les en una graella i aix\u00ed tenir-ho tot ben recollit.<\/p>\n","protected":false},"author":5,"featured_media":0,"comment_status":"open","ping_status":"closed","sticky":false,"template":"","format":"standard","meta":{"_bbp_topic_count":0,"_bbp_reply_count":0,"_bbp_total_topic_count":0,"_bbp_total_reply_count":0,"_bbp_voice_count":0,"_bbp_anonymous_reply_count":0,"_bbp_topic_count_hidden":0,"_bbp_reply_count_hidden":0,"_bbp_forum_subforum_count":0,"footnotes":""},"categories":[93,58,102,1,4,5,10],"tags":[],"class_list":["post-3825","post","type-post","status-publish","format-standard","hentry","category-2n","category-curs-actual","category-el-viver-per-escrit","category-general","category-portada","category-primaria","category-promocio2010_1r"],"post_mailing_queue_ids":[],"_links":{"self":[{"href":"https:\/\/agora.xtec.cat\/escolaelviver\/wp-json\/wp\/v2\/posts\/3825","targetHints":{"allow":["GET"]}}],"collection":[{"href":"https:\/\/agora.xtec.cat\/escolaelviver\/wp-json\/wp\/v2\/posts"}],"about":[{"href":"https:\/\/agora.xtec.cat\/escolaelviver\/wp-json\/wp\/v2\/types\/post"}],"author":[{"embeddable":true,"href":"https:\/\/agora.xtec.cat\/escolaelviver\/wp-json\/wp\/v2\/users\/5"}],"replies":[{"embeddable":true,"href":"https:\/\/agora.xtec.cat\/escolaelviver\/wp-json\/wp\/v2\/comments?post=3825"}],"version-history":[{"count":2,"href":"https:\/\/agora.xtec.cat\/escolaelviver\/wp-json\/wp\/v2\/posts\/3825\/revisions"}],"predecessor-version":[{"id":3828,"href":"https:\/\/agora.xtec.cat\/escolaelviver\/wp-json\/wp\/v2\/posts\/3825\/revisions\/3828"}],"wp:attachment":[{"href":"https:\/\/agora.xtec.cat\/escolaelviver\/wp-json\/wp\/v2\/media?parent=3825"}],"wp:term":[{"taxonomy":"category","embeddable":true,"href":"https:\/\/agora.xtec.cat\/escolaelviver\/wp-json\/wp\/v2\/categories?post=3825"},{"taxonomy":"post_tag","embeddable":true,"href":"https:\/\/agora.xtec.cat\/escolaelviver\/wp-json\/wp\/v2\/tags?post=3825"}],"curies":[{"name":"wp","href":"https:\/\/api.w.org\/{rel}","templated":true}]}}