{"id":3750,"date":"2019-04-14T10:12:33","date_gmt":"2019-04-14T08:12:33","guid":{"rendered":"http:\/\/agora.xtec.cat\/escolaelviver\/?p=3750"},"modified":"2019-04-14T10:13:40","modified_gmt":"2019-04-14T08:13:40","slug":"dues-nenes-de-cicle-mitja-guanyen-un-premi","status":"publish","type":"post","link":"https:\/\/agora.xtec.cat\/escolaelviver\/portada\/dues-nenes-de-cicle-mitja-guanyen-un-premi\/","title":{"rendered":"Dues nenes de cicle mitj\u00e0 guanyen un premi!"},"content":{"rendered":"<p>Aquesta setmana dues nenes de cicle mitj\u00e0, una de 3r A i una de 4t B, han rebut premis de dos concursos que es fan cada any a Montcada per Sant Jordi.<\/p>\n<p>La Beatrice ha rebut un dels premis del concurs <strong>&#8220;Guanya&#8217;t un punt&#8221;<\/strong> i el seu disseny de punt de llibre \u00e9s un dels que han impr\u00e8s per repartir aquest Sant Jordi 2019 .<\/p>\n<p>Per altra banda, la Waniya, ha guanyat amb el seu conte al concurs <strong>&#8220;Els contes d&#8217;en Sergi&#8221;<\/strong> que enguany celebra la XX\u00a0\u00a0i \u00faltima<span style=\"font-family: inherit;font-size: 1em\">edici\u00f3. El conte tamb\u00e9s es publicar\u00e0 amb tota la resta de contes guanyadors i en faran un llibre.<\/span><\/p>\n<p>Estem molt contentes i les volem felicitar: ENHORABONA NOIES!<\/p>\n<p><a href=\"https:\/\/agora.xtec.cat\/escolaelviver\/wp-content\/uploads\/usu460\/2019\/04\/WhatsApp-Image-2019-04-12-at-08.50.18.jpeg\"><img loading=\"lazy\" decoding=\"async\" class=\"alignnone wp-image-3751\" src=\"https:\/\/agora.xtec.cat\/escolaelviver\/wp-content\/uploads\/usu460\/2019\/04\/WhatsApp-Image-2019-04-12-at-08.50.18-498x1024.jpeg\" alt=\"\" width=\"183\" height=\"376\" srcset=\"https:\/\/agora.xtec.cat\/escolaelviver\/wp-content\/uploads\/usu460\/2019\/04\/WhatsApp-Image-2019-04-12-at-08.50.18-498x1024.jpeg 498w, https:\/\/agora.xtec.cat\/escolaelviver\/wp-content\/uploads\/usu460\/2019\/04\/WhatsApp-Image-2019-04-12-at-08.50.18-146x300.jpeg 146w, https:\/\/agora.xtec.cat\/escolaelviver\/wp-content\/uploads\/usu460\/2019\/04\/WhatsApp-Image-2019-04-12-at-08.50.18.jpeg 688w\" sizes=\"auto, (max-width: 183px) 100vw, 183px\" \/><\/a> <a href=\"https:\/\/agora.xtec.cat\/escolaelviver\/wp-content\/uploads\/usu460\/2019\/04\/BB66FB4B-7221-42A0-8EA3-B5ECDA1BE8D6.jpg\"><img loading=\"lazy\" decoding=\"async\" class=\"alignnone wp-image-3753\" src=\"https:\/\/agora.xtec.cat\/escolaelviver\/wp-content\/uploads\/usu460\/2019\/04\/BB66FB4B-7221-42A0-8EA3-B5ECDA1BE8D6-1024x1024.jpg\" alt=\"\" width=\"329\" height=\"329\" srcset=\"https:\/\/agora.xtec.cat\/escolaelviver\/wp-content\/uploads\/usu460\/2019\/04\/BB66FB4B-7221-42A0-8EA3-B5ECDA1BE8D6-1024x1024.jpg 1024w, https:\/\/agora.xtec.cat\/escolaelviver\/wp-content\/uploads\/usu460\/2019\/04\/BB66FB4B-7221-42A0-8EA3-B5ECDA1BE8D6-150x150.jpg 150w, https:\/\/agora.xtec.cat\/escolaelviver\/wp-content\/uploads\/usu460\/2019\/04\/BB66FB4B-7221-42A0-8EA3-B5ECDA1BE8D6-300x300.jpg 300w, https:\/\/agora.xtec.cat\/escolaelviver\/wp-content\/uploads\/usu460\/2019\/04\/BB66FB4B-7221-42A0-8EA3-B5ECDA1BE8D6-768x768.jpg 768w\" sizes=\"auto, (max-width: 329px) 100vw, 329px\" \/><\/a><a href=\"https:\/\/agora.xtec.cat\/escolaelviver\/wp-content\/uploads\/usu460\/2019\/04\/WhatsApp-Image-2019-04-12-at-21.21.23.jpeg\"><img loading=\"lazy\" decoding=\"async\" class=\"alignnone wp-image-3752\" src=\"https:\/\/agora.xtec.cat\/escolaelviver\/wp-content\/uploads\/usu460\/2019\/04\/WhatsApp-Image-2019-04-12-at-21.21.23-1024x768.jpeg\" alt=\"\" width=\"437\" height=\"327\" srcset=\"https:\/\/agora.xtec.cat\/escolaelviver\/wp-content\/uploads\/usu460\/2019\/04\/WhatsApp-Image-2019-04-12-at-21.21.23-1024x768.jpeg 1024w, https:\/\/agora.xtec.cat\/escolaelviver\/wp-content\/uploads\/usu460\/2019\/04\/WhatsApp-Image-2019-04-12-at-21.21.23-300x225.jpeg 300w, https:\/\/agora.xtec.cat\/escolaelviver\/wp-content\/uploads\/usu460\/2019\/04\/WhatsApp-Image-2019-04-12-at-21.21.23-768x576.jpeg 768w, https:\/\/agora.xtec.cat\/escolaelviver\/wp-content\/uploads\/usu460\/2019\/04\/WhatsApp-Image-2019-04-12-at-21.21.23-200x150.jpeg 200w, https:\/\/agora.xtec.cat\/escolaelviver\/wp-content\/uploads\/usu460\/2019\/04\/WhatsApp-Image-2019-04-12-at-21.21.23.jpeg 1600w\" sizes=\"auto, (max-width: 437px) 100vw, 437px\" \/><\/a><\/p>\n","protected":false},"excerpt":{"rendered":"<p>Aquesta setmana dues nenes de cicle mitj\u00e0, una de 3r A i una de 4t B, han rebut premis de dos concursos que es fan cada any a Montcada per Sant Jordi.<br \/>\nLa Beatrice ha rebut un dels premis del concurs &#8220;Guanya&#8217;t un punt&#8221; i el&hellip;  <a href=\"https:\/\/agora.xtec.cat\/escolaelviver\/portada\/dues-nenes-de-cicle-mitja-guanyen-un-premi\/\" title=\"Read Dues nenes de cicle mitj\u00e0 guanyen un premi!\">Llegeix m\u00e9s\u00bb<\/a><\/p>\n","protected":false},"author":51,"featured_media":3752,"comment_status":"open","ping_status":"closed","sticky":false,"template":"","format":"standard","meta":{"_bbp_topic_count":0,"_bbp_reply_count":0,"_bbp_total_topic_count":0,"_bbp_total_reply_count":0,"_bbp_voice_count":0,"_bbp_anonymous_reply_count":0,"_bbp_topic_count_hidden":0,"_bbp_reply_count_hidden":0,"_bbp_forum_subforum_count":0,"footnotes":""},"categories":[94,95,4,64],"tags":[],"class_list":["post-3750","post","type-post","status-publish","format-standard","has-post-thumbnail","hentry","category-3r","category-4t","category-portada","category-sant-jordi"],"post_mailing_queue_ids":[],"_links":{"self":[{"href":"https:\/\/agora.xtec.cat\/escolaelviver\/wp-json\/wp\/v2\/posts\/3750","targetHints":{"allow":["GET"]}}],"collection":[{"href":"https:\/\/agora.xtec.cat\/escolaelviver\/wp-json\/wp\/v2\/posts"}],"about":[{"href":"https:\/\/agora.xtec.cat\/escolaelviver\/wp-json\/wp\/v2\/types\/post"}],"author":[{"embeddable":true,"href":"https:\/\/agora.xtec.cat\/escolaelviver\/wp-json\/wp\/v2\/users\/51"}],"replies":[{"embeddable":true,"href":"https:\/\/agora.xtec.cat\/escolaelviver\/wp-json\/wp\/v2\/comments?post=3750"}],"version-history":[{"count":2,"href":"https:\/\/agora.xtec.cat\/escolaelviver\/wp-json\/wp\/v2\/posts\/3750\/revisions"}],"predecessor-version":[{"id":3755,"href":"https:\/\/agora.xtec.cat\/escolaelviver\/wp-json\/wp\/v2\/posts\/3750\/revisions\/3755"}],"wp:featuredmedia":[{"embeddable":true,"href":"https:\/\/agora.xtec.cat\/escolaelviver\/wp-json\/wp\/v2\/media\/3752"}],"wp:attachment":[{"href":"https:\/\/agora.xtec.cat\/escolaelviver\/wp-json\/wp\/v2\/media?parent=3750"}],"wp:term":[{"taxonomy":"category","embeddable":true,"href":"https:\/\/agora.xtec.cat\/escolaelviver\/wp-json\/wp\/v2\/categories?post=3750"},{"taxonomy":"post_tag","embeddable":true,"href":"https:\/\/agora.xtec.cat\/escolaelviver\/wp-json\/wp\/v2\/tags?post=3750"}],"curies":[{"name":"wp","href":"https:\/\/api.w.org\/{rel}","templated":true}]}}