{"id":3743,"date":"2019-04-10T11:21:53","date_gmt":"2019-04-10T09:21:53","guid":{"rendered":"http:\/\/agora.xtec.cat\/escolaelviver\/?p=3743"},"modified":"2019-04-25T13:32:05","modified_gmt":"2019-04-25T11:32:05","slug":"activitat-amb-pares-a-6e-a","status":"publish","type":"post","link":"https:\/\/agora.xtec.cat\/escolaelviver\/general\/activitat-amb-pares-a-6e-a\/","title":{"rendered":"Activitat amb fam\u00edlies a 6\u00e8A"},"content":{"rendered":"<p>El passat dijous 4 d&#8217;abril els pares, mares i els alumnes de 6\u00e8 A vam compartir una activitat conjunta.<\/p>\n<p>En la primera part de l&#8217;activitat, els alumnes van explicar tot el que hem treballat en aquest segon projecte, durant aquest trimestre. des de la pregunta inicial fins a les conclusions a les quals vam arribar. Tot aquesta explicaci\u00f3 es va realitzar amb el suport de la xarxa de connexions creada pels propis alumnes.<\/p>\n<p>La segona part de l&#8217;activitat els pares i mares van realitzar, conjuntament amb els alumnes, una maqueta d&#8217;un castell.<\/p>\n<p>D&#8217;aquesta manera, vam donar per finalitzat el treball del projecte de: &#8220;<em>Per qu\u00e8 una persona \u00e9s rei\/na i una altra no?&#8221;\u00a0<\/em><\/p>\n<p>A continuaci\u00f3, us deixem un enlla\u00e7 on mostra tota la feina que es va realitzar aquella tarda. Va ser una experi\u00e8ncia molt gratificant per a tots\/es. Esperem que us agradi el v\u00eddeo!!<\/p>\n<p><strong>CLIQUEU L&#8217;ENLLA\u00c7!!<\/strong><\/p>\n<p><a href=\"https:\/\/youtu.be\/EJNHxmC7d8c\">enlla\u00e7<\/a><\/p>\n","protected":false},"excerpt":{"rendered":"<p>El passat dijous 4 d&#8217;abril els pares, mares i els alumnes de 6\u00e8 A vam compartir una activitat conjunta.<br \/>\nEn la primera part de l&#8217;activitat, els alumnes van explicar tot el que hem treballat en aquest segon projecte, durant aquest trimestre. des de la pregunta inicial&hellip;  <a href=\"https:\/\/agora.xtec.cat\/escolaelviver\/general\/activitat-amb-pares-a-6e-a\/\" title=\"Read Activitat amb fam\u00edlies a 6\u00e8A\">Llegeix m\u00e9s\u00bb<\/a><\/p>\n","protected":false},"author":59,"featured_media":3744,"comment_status":"open","ping_status":"closed","sticky":false,"template":"","format":"standard","meta":{"_bbp_topic_count":0,"_bbp_reply_count":0,"_bbp_total_topic_count":0,"_bbp_total_reply_count":0,"_bbp_voice_count":0,"_bbp_anonymous_reply_count":0,"_bbp_topic_count_hidden":0,"_bbp_reply_count_hidden":0,"_bbp_forum_subforum_count":0,"footnotes":""},"categories":[109,1,4],"tags":[],"class_list":["post-3743","post","type-post","status-publish","format-standard","has-post-thumbnail","hentry","category-6e","category-general","category-portada"],"post_mailing_queue_ids":[],"_links":{"self":[{"href":"https:\/\/agora.xtec.cat\/escolaelviver\/wp-json\/wp\/v2\/posts\/3743","targetHints":{"allow":["GET"]}}],"collection":[{"href":"https:\/\/agora.xtec.cat\/escolaelviver\/wp-json\/wp\/v2\/posts"}],"about":[{"href":"https:\/\/agora.xtec.cat\/escolaelviver\/wp-json\/wp\/v2\/types\/post"}],"author":[{"embeddable":true,"href":"https:\/\/agora.xtec.cat\/escolaelviver\/wp-json\/wp\/v2\/users\/59"}],"replies":[{"embeddable":true,"href":"https:\/\/agora.xtec.cat\/escolaelviver\/wp-json\/wp\/v2\/comments?post=3743"}],"version-history":[{"count":3,"href":"https:\/\/agora.xtec.cat\/escolaelviver\/wp-json\/wp\/v2\/posts\/3743\/revisions"}],"predecessor-version":[{"id":3798,"href":"https:\/\/agora.xtec.cat\/escolaelviver\/wp-json\/wp\/v2\/posts\/3743\/revisions\/3798"}],"wp:featuredmedia":[{"embeddable":true,"href":"https:\/\/agora.xtec.cat\/escolaelviver\/wp-json\/wp\/v2\/media\/3744"}],"wp:attachment":[{"href":"https:\/\/agora.xtec.cat\/escolaelviver\/wp-json\/wp\/v2\/media?parent=3743"}],"wp:term":[{"taxonomy":"category","embeddable":true,"href":"https:\/\/agora.xtec.cat\/escolaelviver\/wp-json\/wp\/v2\/categories?post=3743"},{"taxonomy":"post_tag","embeddable":true,"href":"https:\/\/agora.xtec.cat\/escolaelviver\/wp-json\/wp\/v2\/tags?post=3743"}],"curies":[{"name":"wp","href":"https:\/\/api.w.org\/{rel}","templated":true}]}}