{"id":3738,"date":"2019-04-10T09:45:33","date_gmt":"2019-04-10T07:45:33","guid":{"rendered":"http:\/\/agora.xtec.cat\/escolaelviver\/?p=3738"},"modified":"2019-04-10T09:50:37","modified_gmt":"2019-04-10T07:50:37","slug":"una-visita-molt-especial-a-6eb","status":"publish","type":"post","link":"https:\/\/agora.xtec.cat\/escolaelviver\/portada\/una-visita-molt-especial-a-6eb\/","title":{"rendered":"Una visita molt especial a 6\u00e8B!!!"},"content":{"rendered":"<p style=\"text-align: justify\">Aquest mat\u00ed, els alumnes de 6\u00e8 B han rebut una visita molt especial&#8230; la nostra excompanya Shamaiem ha vingut una estona a veure als seus antics companys\/es i mestres.<\/p>\n<p style=\"text-align: justify\">Hem estat molt contents de compartir amb ella aquesta estona i saber que a Esc\u00f2cia tamb\u00e9 \u00e9s molt feli\u00e7, tot i que ens troba a faltar, com ho era al Viver.<\/p>\n<p>Molt sort i fins la propera!!<\/p>\n<p><a href=\"https:\/\/agora.xtec.cat\/escolaelviver\/wp-content\/uploads\/usu460\/2019\/04\/IMG-20190410-WA0004.jpg\"><img loading=\"lazy\" decoding=\"async\" class=\"alignnone size-large wp-image-3739\" src=\"https:\/\/agora.xtec.cat\/escolaelviver\/wp-content\/uploads\/usu460\/2019\/04\/IMG-20190410-WA0004-1024x768.jpg\" alt=\"\" width=\"1024\" height=\"768\" srcset=\"https:\/\/agora.xtec.cat\/escolaelviver\/wp-content\/uploads\/usu460\/2019\/04\/IMG-20190410-WA0004-1024x768.jpg 1024w, https:\/\/agora.xtec.cat\/escolaelviver\/wp-content\/uploads\/usu460\/2019\/04\/IMG-20190410-WA0004-300x225.jpg 300w, https:\/\/agora.xtec.cat\/escolaelviver\/wp-content\/uploads\/usu460\/2019\/04\/IMG-20190410-WA0004-768x576.jpg 768w, https:\/\/agora.xtec.cat\/escolaelviver\/wp-content\/uploads\/usu460\/2019\/04\/IMG-20190410-WA0004-200x150.jpg 200w, https:\/\/agora.xtec.cat\/escolaelviver\/wp-content\/uploads\/usu460\/2019\/04\/IMG-20190410-WA0004.jpg 1600w\" sizes=\"auto, (max-width: 1024px) 100vw, 1024px\" \/><\/a><\/p>\n","protected":false},"excerpt":{"rendered":"<p>Aquest mat\u00ed, els alumnes de 6\u00e8 B han rebut una visita molt especial&#8230; la nostra excompanya Shamaiem ha vingut una estona a veure als seus antics companys\/es i mestres.<br \/>\nHem estat molt contents de compartir amb ella aquesta estona i saber que a Esc\u00f2cia tamb\u00e9 \u00e9s&hellip;  <a href=\"https:\/\/agora.xtec.cat\/escolaelviver\/portada\/una-visita-molt-especial-a-6eb\/\" title=\"Read Una visita molt especial a 6\u00e8B!!!\">Llegeix m\u00e9s\u00bb<\/a><\/p>\n","protected":false},"author":59,"featured_media":3739,"comment_status":"open","ping_status":"closed","sticky":false,"template":"","format":"standard","meta":{"_bbp_topic_count":0,"_bbp_reply_count":0,"_bbp_total_topic_count":0,"_bbp_total_reply_count":0,"_bbp_voice_count":0,"_bbp_anonymous_reply_count":0,"_bbp_topic_count_hidden":0,"_bbp_reply_count_hidden":0,"_bbp_forum_subforum_count":0,"footnotes":""},"categories":[109,4],"tags":[],"class_list":["post-3738","post","type-post","status-publish","format-standard","has-post-thumbnail","hentry","category-6e","category-portada"],"post_mailing_queue_ids":[],"_links":{"self":[{"href":"https:\/\/agora.xtec.cat\/escolaelviver\/wp-json\/wp\/v2\/posts\/3738","targetHints":{"allow":["GET"]}}],"collection":[{"href":"https:\/\/agora.xtec.cat\/escolaelviver\/wp-json\/wp\/v2\/posts"}],"about":[{"href":"https:\/\/agora.xtec.cat\/escolaelviver\/wp-json\/wp\/v2\/types\/post"}],"author":[{"embeddable":true,"href":"https:\/\/agora.xtec.cat\/escolaelviver\/wp-json\/wp\/v2\/users\/59"}],"replies":[{"embeddable":true,"href":"https:\/\/agora.xtec.cat\/escolaelviver\/wp-json\/wp\/v2\/comments?post=3738"}],"version-history":[{"count":3,"href":"https:\/\/agora.xtec.cat\/escolaelviver\/wp-json\/wp\/v2\/posts\/3738\/revisions"}],"predecessor-version":[{"id":3742,"href":"https:\/\/agora.xtec.cat\/escolaelviver\/wp-json\/wp\/v2\/posts\/3738\/revisions\/3742"}],"wp:featuredmedia":[{"embeddable":true,"href":"https:\/\/agora.xtec.cat\/escolaelviver\/wp-json\/wp\/v2\/media\/3739"}],"wp:attachment":[{"href":"https:\/\/agora.xtec.cat\/escolaelviver\/wp-json\/wp\/v2\/media?parent=3738"}],"wp:term":[{"taxonomy":"category","embeddable":true,"href":"https:\/\/agora.xtec.cat\/escolaelviver\/wp-json\/wp\/v2\/categories?post=3738"},{"taxonomy":"post_tag","embeddable":true,"href":"https:\/\/agora.xtec.cat\/escolaelviver\/wp-json\/wp\/v2\/tags?post=3738"}],"curies":[{"name":"wp","href":"https:\/\/api.w.org\/{rel}","templated":true}]}}