{"id":3500,"date":"2019-02-26T11:58:22","date_gmt":"2019-02-26T10:58:22","guid":{"rendered":"http:\/\/agora.xtec.cat\/escolaelviver\/?p=3500"},"modified":"2019-02-26T11:58:22","modified_gmt":"2019-02-26T10:58:22","slug":"el-consell-del-bull-a-6e","status":"publish","type":"post","link":"https:\/\/agora.xtec.cat\/escolaelviver\/portada\/el-consell-del-bull-a-6e\/","title":{"rendered":"El Consell del Bull a 6\u00e8"},"content":{"rendered":"<p>El dilluns dia 25 de febrer els alumnes i el professorat de l&#8217;escola El viver van inaugurar el carnestoltes donant aix\u00ed l&#8217;inici a la setmana cultural. Aquest curs la tem\u00e0tica de la setmana cultural gira entorn la multiculturalitat, i al llarg d&#8217;aquests dies es portaran a terme diferents activitats amb la intenci\u00f3 de donar a con\u00e8ixer les diferents cultures del m\u00f3n. Els alumnes s&#8217;estan mostrant molt motivats per tal d&#8217;explicar i donar a con\u00e8ixer aspectes l\u00fadics i culturals dels seus llocs d&#8217;origen.<\/p>\n<p>A continuaci\u00f3, podeu veure dos v\u00eddeos dels alumnes de 6\u00e8 de prim\u00e0ria, donant el tret de sortida a la setmana cultural amb el ball del Consell del Bull. Esperem que us agradin molt&#8230;&#8230;.Va ser un \u00e8xit!!!<\/p>\n<p><a href=\"https:\/\/www.youtube.com\/watch?v=gp5SMyzBEjQ\">enlla\u00e71<\/a><\/p>\n<p><a href=\"https:\/\/www.youtube.com\/watch?v=6TuxYaLOiUY\">enlla\u00e72<\/a><\/p>\n","protected":false},"excerpt":{"rendered":"<p>El dilluns dia 25 de febrer els alumnes i el professorat de l&#8217;escola El viver van inaugurar el carnestoltes donant aix\u00ed l&#8217;inici a la setmana cultural. Aquest curs la tem\u00e0tica de la setmana cultural gira entorn la multiculturalitat, i al llarg d&#8217;aquests dies es portaran&hellip;  <a href=\"https:\/\/agora.xtec.cat\/escolaelviver\/portada\/el-consell-del-bull-a-6e\/\" title=\"Read El Consell del Bull a 6\u00e8\">Llegeix m\u00e9s\u00bb<\/a><\/p>\n","protected":false},"author":59,"featured_media":3501,"comment_status":"open","ping_status":"closed","sticky":false,"template":"","format":"standard","meta":{"_bbp_topic_count":0,"_bbp_reply_count":0,"_bbp_total_topic_count":0,"_bbp_total_reply_count":0,"_bbp_voice_count":0,"_bbp_anonymous_reply_count":0,"_bbp_topic_count_hidden":0,"_bbp_reply_count_hidden":0,"_bbp_forum_subforum_count":0,"footnotes":""},"categories":[109,63,4,5,78],"tags":[],"class_list":["post-3500","post","type-post","status-publish","format-standard","has-post-thumbnail","hentry","category-6e","category-carnestoltes","category-portada","category-primaria","category-setmana-cultural"],"post_mailing_queue_ids":[],"_links":{"self":[{"href":"https:\/\/agora.xtec.cat\/escolaelviver\/wp-json\/wp\/v2\/posts\/3500","targetHints":{"allow":["GET"]}}],"collection":[{"href":"https:\/\/agora.xtec.cat\/escolaelviver\/wp-json\/wp\/v2\/posts"}],"about":[{"href":"https:\/\/agora.xtec.cat\/escolaelviver\/wp-json\/wp\/v2\/types\/post"}],"author":[{"embeddable":true,"href":"https:\/\/agora.xtec.cat\/escolaelviver\/wp-json\/wp\/v2\/users\/59"}],"replies":[{"embeddable":true,"href":"https:\/\/agora.xtec.cat\/escolaelviver\/wp-json\/wp\/v2\/comments?post=3500"}],"version-history":[{"count":1,"href":"https:\/\/agora.xtec.cat\/escolaelviver\/wp-json\/wp\/v2\/posts\/3500\/revisions"}],"predecessor-version":[{"id":3502,"href":"https:\/\/agora.xtec.cat\/escolaelviver\/wp-json\/wp\/v2\/posts\/3500\/revisions\/3502"}],"wp:featuredmedia":[{"embeddable":true,"href":"https:\/\/agora.xtec.cat\/escolaelviver\/wp-json\/wp\/v2\/media\/3501"}],"wp:attachment":[{"href":"https:\/\/agora.xtec.cat\/escolaelviver\/wp-json\/wp\/v2\/media?parent=3500"}],"wp:term":[{"taxonomy":"category","embeddable":true,"href":"https:\/\/agora.xtec.cat\/escolaelviver\/wp-json\/wp\/v2\/categories?post=3500"},{"taxonomy":"post_tag","embeddable":true,"href":"https:\/\/agora.xtec.cat\/escolaelviver\/wp-json\/wp\/v2\/tags?post=3500"}],"curies":[{"name":"wp","href":"https:\/\/api.w.org\/{rel}","templated":true}]}}