{"id":3496,"date":"2019-02-25T18:24:41","date_gmt":"2019-02-25T17:24:41","guid":{"rendered":"http:\/\/agora.xtec.cat\/escolaelviver\/?p=3496"},"modified":"2019-03-25T20:45:40","modified_gmt":"2019-03-25T19:45:40","slug":"els-tallers-de-la-setmana-cultural-a-cicle-mitja","status":"publish","type":"post","link":"https:\/\/agora.xtec.cat\/escolaelviver\/portada\/els-tallers-de-la-setmana-cultural-a-cicle-mitja\/","title":{"rendered":"Els tallers de la setmana cultural a cicle mitj\u00e0"},"content":{"rendered":"<p><a href=\"https:\/\/agora.xtec.cat\/escolaelviver\/wp-content\/uploads\/usu460\/2019\/02\/WhatsApp-Image-2019-02-25-at-17.08.341.jpeg\"><img loading=\"lazy\" decoding=\"async\" class=\"alignnone wp-image-3497\" src=\"https:\/\/agora.xtec.cat\/escolaelviver\/wp-content\/uploads\/usu460\/2019\/02\/WhatsApp-Image-2019-02-25-at-17.08.341-1024x497.jpeg\" alt=\"\" width=\"546\" height=\"265\" srcset=\"https:\/\/agora.xtec.cat\/escolaelviver\/wp-content\/uploads\/usu460\/2019\/02\/WhatsApp-Image-2019-02-25-at-17.08.341-1024x497.jpeg 1024w, https:\/\/agora.xtec.cat\/escolaelviver\/wp-content\/uploads\/usu460\/2019\/02\/WhatsApp-Image-2019-02-25-at-17.08.341-300x146.jpeg 300w, https:\/\/agora.xtec.cat\/escolaelviver\/wp-content\/uploads\/usu460\/2019\/02\/WhatsApp-Image-2019-02-25-at-17.08.341-768x373.jpeg 768w, https:\/\/agora.xtec.cat\/escolaelviver\/wp-content\/uploads\/usu460\/2019\/02\/WhatsApp-Image-2019-02-25-at-17.08.341.jpeg 1600w\" sizes=\"auto, (max-width: 546px) 100vw, 546px\" \/><\/a><\/p>\n<p>Avui hem comen\u00e7at els tallers de la setmana cultural a l&#8217;escola. Ens hem barrejat entre 3r i 4t i hem fet m\u00e0scares africanes, hem escrit el nostre nom en \u00e0rab, hem preparat uns tacos bon\u00edssims, hem creat una Haka i hem preparat part de la nostra disfressa per divendres. Els de 4t un cintur\u00f3 amb l&#8217;alfabet egipci i els de 3r hem pintat les nostres maraques. Hem passat una molt bona tarda. Ja tenim ganes de fer els altres tallers. Mireu les fotos, s\u00f3n molt xules!\u00a0 \u00a0<a href=\"https:\/\/photos.app.goo.gl\/7uBTdTqP91ApgcgNA\" target=\"_blank\" rel=\"noopener\">https:\/\/photos.app.goo.gl\/7uBTdTqP91ApgcgNA<\/a><\/p>\n","protected":false},"excerpt":{"rendered":"<p><a href=\"https:\/\/agora.xtec.cat\/escolaelviver\/wp-content\/uploads\/usu460\/2019\/02\/WhatsApp-Image-2019-02-25-at-17.08.341.jpeg\"><\/a><br \/>\nAvui hem comen\u00e7at els tallers de la setmana cultural a l&#8217;escola. Ens hem barrejat entre 3r i 4t i hem fet m\u00e0scares africanes, hem escrit el nostre nom en \u00e0rab, hem preparat uns tacos bon\u00edssims, hem creat una Haka i hem preparat part de&hellip;  <a href=\"https:\/\/agora.xtec.cat\/escolaelviver\/portada\/els-tallers-de-la-setmana-cultural-a-cicle-mitja\/\" title=\"Read Els tallers de la setmana cultural a cicle mitj\u00e0\">Llegeix m\u00e9s\u00bb<\/a><\/p>\n","protected":false},"author":51,"featured_media":3497,"comment_status":"open","ping_status":"closed","sticky":false,"template":"","format":"standard","meta":{"_bbp_topic_count":0,"_bbp_reply_count":0,"_bbp_total_topic_count":0,"_bbp_total_reply_count":0,"_bbp_voice_count":0,"_bbp_anonymous_reply_count":0,"_bbp_topic_count_hidden":0,"_bbp_reply_count_hidden":0,"_bbp_forum_subforum_count":0,"footnotes":""},"categories":[94,95,58,4,78],"tags":[],"class_list":["post-3496","post","type-post","status-publish","format-standard","has-post-thumbnail","hentry","category-3r","category-4t","category-curs-actual","category-portada","category-setmana-cultural"],"post_mailing_queue_ids":[],"_links":{"self":[{"href":"https:\/\/agora.xtec.cat\/escolaelviver\/wp-json\/wp\/v2\/posts\/3496","targetHints":{"allow":["GET"]}}],"collection":[{"href":"https:\/\/agora.xtec.cat\/escolaelviver\/wp-json\/wp\/v2\/posts"}],"about":[{"href":"https:\/\/agora.xtec.cat\/escolaelviver\/wp-json\/wp\/v2\/types\/post"}],"author":[{"embeddable":true,"href":"https:\/\/agora.xtec.cat\/escolaelviver\/wp-json\/wp\/v2\/users\/51"}],"replies":[{"embeddable":true,"href":"https:\/\/agora.xtec.cat\/escolaelviver\/wp-json\/wp\/v2\/comments?post=3496"}],"version-history":[{"count":1,"href":"https:\/\/agora.xtec.cat\/escolaelviver\/wp-json\/wp\/v2\/posts\/3496\/revisions"}],"predecessor-version":[{"id":3498,"href":"https:\/\/agora.xtec.cat\/escolaelviver\/wp-json\/wp\/v2\/posts\/3496\/revisions\/3498"}],"wp:featuredmedia":[{"embeddable":true,"href":"https:\/\/agora.xtec.cat\/escolaelviver\/wp-json\/wp\/v2\/media\/3497"}],"wp:attachment":[{"href":"https:\/\/agora.xtec.cat\/escolaelviver\/wp-json\/wp\/v2\/media?parent=3496"}],"wp:term":[{"taxonomy":"category","embeddable":true,"href":"https:\/\/agora.xtec.cat\/escolaelviver\/wp-json\/wp\/v2\/categories?post=3496"},{"taxonomy":"post_tag","embeddable":true,"href":"https:\/\/agora.xtec.cat\/escolaelviver\/wp-json\/wp\/v2\/tags?post=3496"}],"curies":[{"name":"wp","href":"https:\/\/api.w.org\/{rel}","templated":true}]}}