{"id":3476,"date":"2019-02-20T18:35:01","date_gmt":"2019-02-20T17:35:01","guid":{"rendered":"http:\/\/agora.xtec.cat\/escolaelviver\/?p=3476"},"modified":"2019-03-25T20:46:14","modified_gmt":"2019-03-25T19:46:14","slug":"els-fantasmes-anem-a-coneixer-una-illustradora","status":"publish","type":"post","link":"https:\/\/agora.xtec.cat\/escolaelviver\/portada\/els-fantasmes-anem-a-coneixer-una-illustradora\/","title":{"rendered":"Els Fantasmes anem a con\u00e8ixer una il\u00b7lustradora"},"content":{"rendered":"<p><a href=\"https:\/\/agora.xtec.cat\/escolaelviver\/wp-content\/uploads\/usu460\/2019\/02\/WhatsApp-Image-2019-02-20-at-18.26.12.jpeg\"><img loading=\"lazy\" decoding=\"async\" class=\"wp-image-3477 aligncenter\" src=\"https:\/\/agora.xtec.cat\/escolaelviver\/wp-content\/uploads\/usu460\/2019\/02\/WhatsApp-Image-2019-02-20-at-18.26.12-1024x768.jpeg\" alt=\"\" width=\"462\" height=\"346\" srcset=\"https:\/\/agora.xtec.cat\/escolaelviver\/wp-content\/uploads\/usu460\/2019\/02\/WhatsApp-Image-2019-02-20-at-18.26.12-1024x768.jpeg 1024w, https:\/\/agora.xtec.cat\/escolaelviver\/wp-content\/uploads\/usu460\/2019\/02\/WhatsApp-Image-2019-02-20-at-18.26.12-300x225.jpeg 300w, https:\/\/agora.xtec.cat\/escolaelviver\/wp-content\/uploads\/usu460\/2019\/02\/WhatsApp-Image-2019-02-20-at-18.26.12-768x576.jpeg 768w, https:\/\/agora.xtec.cat\/escolaelviver\/wp-content\/uploads\/usu460\/2019\/02\/WhatsApp-Image-2019-02-20-at-18.26.12-200x150.jpeg 200w, https:\/\/agora.xtec.cat\/escolaelviver\/wp-content\/uploads\/usu460\/2019\/02\/WhatsApp-Image-2019-02-20-at-18.26.12.jpeg 1600w\" sizes=\"auto, (max-width: 462px) 100vw, 462px\" \/><\/a>Aquest ma\u00ed els Fantasmes hem anat a la biblioteca del barri per con\u00e8ixer a la il\u00b7lustradora Rosa Maria Curto. Ens ha explicat tot el que ha de fer per poder il.lustrar un llibre, ens ha explicat com en va esciure un i despr\u00e9s ens hem posat a dibuixar i ella ens ajudava a fer-ho i ens donava moltes idees! Ha estat un mat\u00ed molt xulo. Si voleu veure algunes fotos podeu clicar aqu\u00ed:\u00a0\u00a0<a href=\"https:\/\/photos.app.goo.gl\/JuhY3gXdvdo5Qrsm8\" target=\"_blank\" rel=\"noopener\">https:\/\/photos.app.goo.gl\/JuhY3gXdvdo5Qrsm8<\/a><\/p>\n","protected":false},"excerpt":{"rendered":"<p><a href=\"https:\/\/agora.xtec.cat\/escolaelviver\/wp-content\/uploads\/usu460\/2019\/02\/WhatsApp-Image-2019-02-20-at-18.26.12.jpeg\"><\/a>Aquest ma\u00ed els Fantasmes hem anat a la biblioteca del barri per con\u00e8ixer a la il\u00b7lustradora Rosa Maria Curto. Ens ha explicat tot el que ha de fer per poder il.lustrar un llibre, ens ha explicat com en va esciure un i despr\u00e9s ens&hellip;  <a href=\"https:\/\/agora.xtec.cat\/escolaelviver\/portada\/els-fantasmes-anem-a-coneixer-una-illustradora\/\" title=\"Read Els Fantasmes anem a con\u00e8ixer una il\u00b7lustradora\">Llegeix m\u00e9s\u00bb<\/a><\/p>\n","protected":false},"author":51,"featured_media":3477,"comment_status":"open","ping_status":"closed","sticky":false,"template":"","format":"standard","meta":{"_bbp_topic_count":0,"_bbp_reply_count":0,"_bbp_total_topic_count":0,"_bbp_total_reply_count":0,"_bbp_voice_count":0,"_bbp_anonymous_reply_count":0,"_bbp_topic_count_hidden":0,"_bbp_reply_count_hidden":0,"_bbp_forum_subforum_count":0,"footnotes":""},"categories":[94,58,4],"tags":[],"class_list":["post-3476","post","type-post","status-publish","format-standard","has-post-thumbnail","hentry","category-3r","category-curs-actual","category-portada"],"post_mailing_queue_ids":[],"_links":{"self":[{"href":"https:\/\/agora.xtec.cat\/escolaelviver\/wp-json\/wp\/v2\/posts\/3476","targetHints":{"allow":["GET"]}}],"collection":[{"href":"https:\/\/agora.xtec.cat\/escolaelviver\/wp-json\/wp\/v2\/posts"}],"about":[{"href":"https:\/\/agora.xtec.cat\/escolaelviver\/wp-json\/wp\/v2\/types\/post"}],"author":[{"embeddable":true,"href":"https:\/\/agora.xtec.cat\/escolaelviver\/wp-json\/wp\/v2\/users\/51"}],"replies":[{"embeddable":true,"href":"https:\/\/agora.xtec.cat\/escolaelviver\/wp-json\/wp\/v2\/comments?post=3476"}],"version-history":[{"count":2,"href":"https:\/\/agora.xtec.cat\/escolaelviver\/wp-json\/wp\/v2\/posts\/3476\/revisions"}],"predecessor-version":[{"id":3479,"href":"https:\/\/agora.xtec.cat\/escolaelviver\/wp-json\/wp\/v2\/posts\/3476\/revisions\/3479"}],"wp:featuredmedia":[{"embeddable":true,"href":"https:\/\/agora.xtec.cat\/escolaelviver\/wp-json\/wp\/v2\/media\/3477"}],"wp:attachment":[{"href":"https:\/\/agora.xtec.cat\/escolaelviver\/wp-json\/wp\/v2\/media?parent=3476"}],"wp:term":[{"taxonomy":"category","embeddable":true,"href":"https:\/\/agora.xtec.cat\/escolaelviver\/wp-json\/wp\/v2\/categories?post=3476"},{"taxonomy":"post_tag","embeddable":true,"href":"https:\/\/agora.xtec.cat\/escolaelviver\/wp-json\/wp\/v2\/tags?post=3476"}],"curies":[{"name":"wp","href":"https:\/\/api.w.org\/{rel}","templated":true}]}}