{"id":3465,"date":"2019-02-17T17:00:07","date_gmt":"2019-02-17T16:00:07","guid":{"rendered":"http:\/\/agora.xtec.cat\/escolaelviver\/?p=3465"},"modified":"2019-02-27T22:37:08","modified_gmt":"2019-02-27T21:37:08","slug":"el-conseller-deducacio-el-sr-josep-bargallo-ens-visita","status":"publish","type":"post","link":"https:\/\/agora.xtec.cat\/escolaelviver\/general\/el-conseller-deducacio-el-sr-josep-bargallo-ens-visita\/","title":{"rendered":"El Conseller d&#8217;Educaci\u00f3, el Sr. Josep Bargall\u00f3, ens visita!"},"content":{"rendered":"<figure class=\"figure wp-caption aligncenter\"><a href=\"https:\/\/agora.xtec.cat\/escolaelviver\/wp-content\/uploads\/usu460\/2019\/02\/DSC_0081v2.jpg\"><img loading=\"lazy\" decoding=\"async\" class=\"size-full wp-image-3461\" src=\"https:\/\/agora.xtec.cat\/escolaelviver\/wp-content\/uploads\/usu460\/2019\/02\/DSC_0081v2.jpg\" alt=\"\" width=\"640\" height=\"426\" srcset=\"https:\/\/agora.xtec.cat\/escolaelviver\/wp-content\/uploads\/usu460\/2019\/02\/DSC_0081v2.jpg 640w, https:\/\/agora.xtec.cat\/escolaelviver\/wp-content\/uploads\/usu460\/2019\/02\/DSC_0081v2-300x200.jpg 300w\" sizes=\"auto, (max-width: 640px) 100vw, 640px\" \/><\/a><figcaption class=\"wp-caption-text\">????????????????????????????????????<\/figcaption><\/figure>\n<p>El dimecres dia 13 de febrer ens va visitar el Sr. Josep Bargall\u00f3, conseller d&#8217;Educaci\u00f3 de la Generalitat de Catalunya. Ben puntual, a les 9 del mat\u00ed,\u00a0 va arribar a la nostra escola on l&#8217;esperaven autoritats del Departament d&#8217;Ensenyament, l&#8217;alcaldessa de Montcada i Reixac, la <span id=\"readspeakerPage\">Sra. Laura Campos; i part del seu equip de govern com el Sr. Jordi S\u00e1nchez, la Sra. Maria del Mar Mart\u00ednez, el Sr. Oscar Gil&#8230;<\/span><\/p>\n<p>El conseller va visitar les nostres instal\u00b7lacions: Va visitar la classe de les Bicicletes. Tamb\u00e9 va visitar la classe dels Taurons, es va mostrar molt interessat quan els nens i les nenes li van explicar que estaven dissenyant una &#8220;m\u00e0quina de les emocions&#8221;. Continuant el recorregut, va visitar la classe dels Fantasmes, les nenes i els nens\u00a0 li van explicar el seu nou projecte. A la classe dels Dofins va saber que estem treballant la rob\u00f2tica amb el Legon Wedo 2.0 i l&#8217;Scratch. I finalment, va visitar les classes de sis\u00e8. Va ser molt emocionant poder compartir amb ell el moment en que les nenes i els nens li van lliurar el recull amb les emocions que van sentir en saber que la nostra escola es convertiria en Escola Institut el proper curs.<\/p>\n<p>En acabar la visita, el conseller, l&#8217;alcaldessa i la resta d&#8217;autoritats van parlar amb l&#8217;equip directiu i la Jennifer, la nostra presidenta de l&#8217;AMPA.<\/p>\n<p>Va ser un mat\u00ed ben emocionant!<\/p>\n","protected":false},"excerpt":{"rendered":"<p><a href=\"https:\/\/agora.xtec.cat\/escolaelviver\/wp-content\/uploads\/usu460\/2019\/02\/DSC_0081v2.jpg\"><\/a>????????????????????????????????????<br \/>\nEl dimecres dia 13 de febrer ens va visitar el Sr. Josep Bargall\u00f3, conseller d&#8217;Educaci\u00f3 de la Generalitat de Catalunya. Ben puntual, a les 9 del mat\u00ed,\u00a0 va arribar a la nostra escola on l&#8217;esperaven autoritats del Departament d&#8217;Ensenyament, l&#8217;alcaldessa de Montcada i Reixac,&hellip;  <a href=\"https:\/\/agora.xtec.cat\/escolaelviver\/general\/el-conseller-deducacio-el-sr-josep-bargallo-ens-visita\/\" title=\"Read El Conseller d&#8217;Educaci\u00f3, el Sr. Josep Bargall\u00f3, ens visita!\">Llegeix m\u00e9s\u00bb<\/a><\/p>\n","protected":false},"author":1,"featured_media":3461,"comment_status":"open","ping_status":"closed","sticky":false,"template":"","format":"standard","meta":{"_bbp_topic_count":0,"_bbp_reply_count":0,"_bbp_total_topic_count":0,"_bbp_total_reply_count":0,"_bbp_voice_count":0,"_bbp_anonymous_reply_count":0,"_bbp_topic_count_hidden":0,"_bbp_reply_count_hidden":0,"_bbp_forum_subforum_count":0,"footnotes":""},"categories":[58,1,4],"tags":[],"class_list":["post-3465","post","type-post","status-publish","format-standard","has-post-thumbnail","hentry","category-curs-actual","category-general","category-portada"],"post_mailing_queue_ids":[],"_links":{"self":[{"href":"https:\/\/agora.xtec.cat\/escolaelviver\/wp-json\/wp\/v2\/posts\/3465","targetHints":{"allow":["GET"]}}],"collection":[{"href":"https:\/\/agora.xtec.cat\/escolaelviver\/wp-json\/wp\/v2\/posts"}],"about":[{"href":"https:\/\/agora.xtec.cat\/escolaelviver\/wp-json\/wp\/v2\/types\/post"}],"author":[{"embeddable":true,"href":"https:\/\/agora.xtec.cat\/escolaelviver\/wp-json\/wp\/v2\/users\/1"}],"replies":[{"embeddable":true,"href":"https:\/\/agora.xtec.cat\/escolaelviver\/wp-json\/wp\/v2\/comments?post=3465"}],"version-history":[{"count":3,"href":"https:\/\/agora.xtec.cat\/escolaelviver\/wp-json\/wp\/v2\/posts\/3465\/revisions"}],"predecessor-version":[{"id":3518,"href":"https:\/\/agora.xtec.cat\/escolaelviver\/wp-json\/wp\/v2\/posts\/3465\/revisions\/3518"}],"wp:featuredmedia":[{"embeddable":true,"href":"https:\/\/agora.xtec.cat\/escolaelviver\/wp-json\/wp\/v2\/media\/3461"}],"wp:attachment":[{"href":"https:\/\/agora.xtec.cat\/escolaelviver\/wp-json\/wp\/v2\/media?parent=3465"}],"wp:term":[{"taxonomy":"category","embeddable":true,"href":"https:\/\/agora.xtec.cat\/escolaelviver\/wp-json\/wp\/v2\/categories?post=3465"},{"taxonomy":"post_tag","embeddable":true,"href":"https:\/\/agora.xtec.cat\/escolaelviver\/wp-json\/wp\/v2\/tags?post=3465"}],"curies":[{"name":"wp","href":"https:\/\/api.w.org\/{rel}","templated":true}]}}