{"id":3455,"date":"2019-02-14T21:52:21","date_gmt":"2019-02-14T20:52:21","guid":{"rendered":"http:\/\/agora.xtec.cat\/escolaelviver\/?p=3455"},"modified":"2019-03-25T20:46:45","modified_gmt":"2019-03-25T19:46:45","slug":"els-fantasmes-hem-anat-a-lajuntament","status":"publish","type":"post","link":"https:\/\/agora.xtec.cat\/escolaelviver\/portada\/els-fantasmes-hem-anat-a-lajuntament\/","title":{"rendered":"Els Fantasmes hem anat a l&#8217;Ajuntament"},"content":{"rendered":"<p><a href=\"https:\/\/agora.xtec.cat\/escolaelviver\/wp-content\/uploads\/usu460\/2019\/02\/IMG_3418.jpg\"><img loading=\"lazy\" decoding=\"async\" class=\"alignnone size-large wp-image-3456\" src=\"https:\/\/agora.xtec.cat\/escolaelviver\/wp-content\/uploads\/usu460\/2019\/02\/IMG_3418-1024x683.jpg\" alt=\"\" width=\"1024\" height=\"683\" srcset=\"https:\/\/agora.xtec.cat\/escolaelviver\/wp-content\/uploads\/usu460\/2019\/02\/IMG_3418-1024x683.jpg 1024w, https:\/\/agora.xtec.cat\/escolaelviver\/wp-content\/uploads\/usu460\/2019\/02\/IMG_3418-300x200.jpg 300w, https:\/\/agora.xtec.cat\/escolaelviver\/wp-content\/uploads\/usu460\/2019\/02\/IMG_3418-768x512.jpg 768w\" sizes=\"auto, (max-width: 1024px) 100vw, 1024px\" \/><\/a><\/p>\n<p>Aquest mat\u00ed els Fantasmes hem visitat l&#8217;Ajuntament de Montcada. Primer ens ha rebut l&#8217;alcaldessa i hem parlat una estona amb ella. Li hem dit quines coses del barri i de l&#8217;escola ens agraden i quines no, hem anat a Montcada comunicaci\u00f3 i ens han explicat com funicona el diari, la r\u00e0dio, el portal web&#8230; Ha estat molt interessant. I a m\u00e9s tamb\u00e9 ens han fet una xerrada sobre l&#8217;import\u00e0ncia del reciclatge! Ens han donat unes xapes que ens transformen en agents del reciclatge. Hem de controlar que tothom recicli i explicar tot el que hem apr\u00e8s!<\/p>\n<p>Aqu\u00ed teniu moltes fotos del mat\u00ed a l&#8217;ajuntament\u00a0<a href=\"https:\/\/photos.app.goo.gl\/zR2rrtKpsvWiPpK59\" target=\"_blank\" rel=\"noopener\">https:\/\/photos.app.goo.gl\/zR2rrtKpsvWiPpK59<\/a><\/p>\n","protected":false},"excerpt":{"rendered":"<p><a href=\"https:\/\/agora.xtec.cat\/escolaelviver\/wp-content\/uploads\/usu460\/2019\/02\/IMG_3418.jpg\"><\/a><br \/>\nAquest mat\u00ed els Fantasmes hem visitat l&#8217;Ajuntament de Montcada. Primer ens ha rebut l&#8217;alcaldessa i hem parlat una estona amb ella. Li hem dit quines coses del barri i de l&#8217;escola ens agraden i quines no, hem anat a Montcada comunicaci\u00f3 i ens han&hellip;  <a href=\"https:\/\/agora.xtec.cat\/escolaelviver\/portada\/els-fantasmes-hem-anat-a-lajuntament\/\" title=\"Read Els Fantasmes hem anat a l&#8217;Ajuntament\">Llegeix m\u00e9s\u00bb<\/a><\/p>\n","protected":false},"author":51,"featured_media":3456,"comment_status":"open","ping_status":"closed","sticky":false,"template":"","format":"standard","meta":{"_bbp_topic_count":0,"_bbp_reply_count":0,"_bbp_total_topic_count":0,"_bbp_total_reply_count":0,"_bbp_voice_count":0,"_bbp_anonymous_reply_count":0,"_bbp_topic_count_hidden":0,"_bbp_reply_count_hidden":0,"_bbp_forum_subforum_count":0,"footnotes":""},"categories":[94,58,4],"tags":[],"class_list":["post-3455","post","type-post","status-publish","format-standard","has-post-thumbnail","hentry","category-3r","category-curs-actual","category-portada"],"post_mailing_queue_ids":[],"_links":{"self":[{"href":"https:\/\/agora.xtec.cat\/escolaelviver\/wp-json\/wp\/v2\/posts\/3455","targetHints":{"allow":["GET"]}}],"collection":[{"href":"https:\/\/agora.xtec.cat\/escolaelviver\/wp-json\/wp\/v2\/posts"}],"about":[{"href":"https:\/\/agora.xtec.cat\/escolaelviver\/wp-json\/wp\/v2\/types\/post"}],"author":[{"embeddable":true,"href":"https:\/\/agora.xtec.cat\/escolaelviver\/wp-json\/wp\/v2\/users\/51"}],"replies":[{"embeddable":true,"href":"https:\/\/agora.xtec.cat\/escolaelviver\/wp-json\/wp\/v2\/comments?post=3455"}],"version-history":[{"count":1,"href":"https:\/\/agora.xtec.cat\/escolaelviver\/wp-json\/wp\/v2\/posts\/3455\/revisions"}],"predecessor-version":[{"id":3457,"href":"https:\/\/agora.xtec.cat\/escolaelviver\/wp-json\/wp\/v2\/posts\/3455\/revisions\/3457"}],"wp:featuredmedia":[{"embeddable":true,"href":"https:\/\/agora.xtec.cat\/escolaelviver\/wp-json\/wp\/v2\/media\/3456"}],"wp:attachment":[{"href":"https:\/\/agora.xtec.cat\/escolaelviver\/wp-json\/wp\/v2\/media?parent=3455"}],"wp:term":[{"taxonomy":"category","embeddable":true,"href":"https:\/\/agora.xtec.cat\/escolaelviver\/wp-json\/wp\/v2\/categories?post=3455"},{"taxonomy":"post_tag","embeddable":true,"href":"https:\/\/agora.xtec.cat\/escolaelviver\/wp-json\/wp\/v2\/tags?post=3455"}],"curies":[{"name":"wp","href":"https:\/\/api.w.org\/{rel}","templated":true}]}}