{"id":3321,"date":"2019-01-24T19:47:27","date_gmt":"2019-01-24T18:47:27","guid":{"rendered":"http:\/\/agora.xtec.cat\/escolaelviver\/?p=3321"},"modified":"2019-02-06T19:33:10","modified_gmt":"2019-02-06T18:33:10","slug":"taller-prevenim-el-bullying-fundacio-barca-4t","status":"publish","type":"post","link":"https:\/\/agora.xtec.cat\/escolaelviver\/general\/taller-prevenim-el-bullying-fundacio-barca-4t\/","title":{"rendered":"Taller Prevenim el Bullying. Fundaci\u00f3 Bar\u00e7a. 4t"},"content":{"rendered":"<p><a href=\"https:\/\/agora.xtec.cat\/escolaelviver\/wp-content\/uploads\/usu460\/2019\/01\/PHOTO-2019-01-24-13-19-26_13.jpg\"><img loading=\"lazy\" decoding=\"async\" class=\"alignnone  wp-image-3432\" src=\"https:\/\/agora.xtec.cat\/escolaelviver\/wp-content\/uploads\/usu460\/2019\/01\/PHOTO-2019-01-24-13-19-26_13-1024x768.jpg\" alt=\"\" width=\"589\" height=\"442\" srcset=\"https:\/\/agora.xtec.cat\/escolaelviver\/wp-content\/uploads\/usu460\/2019\/01\/PHOTO-2019-01-24-13-19-26_13.jpg 1024w, https:\/\/agora.xtec.cat\/escolaelviver\/wp-content\/uploads\/usu460\/2019\/01\/PHOTO-2019-01-24-13-19-26_13-300x225.jpg 300w, https:\/\/agora.xtec.cat\/escolaelviver\/wp-content\/uploads\/usu460\/2019\/01\/PHOTO-2019-01-24-13-19-26_13-768x576.jpg 768w, https:\/\/agora.xtec.cat\/escolaelviver\/wp-content\/uploads\/usu460\/2019\/01\/PHOTO-2019-01-24-13-19-26_13-200x150.jpg 200w\" sizes=\"auto, (max-width: 589px) 100vw, 589px\" \/><\/a><\/p>\n<p>&nbsp;<\/p>\n<p>Avui hem estat els de 4t els qui hem fet el taller de la Fundaci\u00f3 Bar\u00e7a per prevenir el bullying a l&#8217;escola. Tamb\u00e9 ens ha agradat i ens ho hem passat molt b\u00e9.<\/p>\n<p>Si cliqueu aqu\u00ed\u00a0<a href=\"https:\/\/photos.app.goo.gl\/AHyM5w41AQPcZQX28\" target=\"_blank\" rel=\"noopener\">https:\/\/photos.app.goo.gl\/AHyM5w41AQPcZQX28<\/a>, trobareu les fotos.<\/p>\n","protected":false},"excerpt":{"rendered":"<p><a href=\"https:\/\/agora.xtec.cat\/escolaelviver\/wp-content\/uploads\/usu460\/2019\/01\/PHOTO-2019-01-24-13-19-26_13.jpg\"><\/a><br \/>\n&nbsp;<br \/>\nAvui hem estat els de 4t els qui hem fet el taller de la Fundaci\u00f3 Bar\u00e7a per prevenir el bullying a l&#8217;escola. Tamb\u00e9 ens ha agradat i ens ho hem passat molt b\u00e9.<br \/>\nSi cliqueu aqu\u00ed\u00a0<a href=\"https:\/\/photos.app.goo.gl\/AHyM5w41AQPcZQX28\" target=\"_blank\" rel=\"noopener\">https:\/\/photos.app.goo.gl\/AHyM5w41AQPcZQX28<\/a>, trobareu les fotos.<\/p>\n","protected":false},"author":51,"featured_media":3432,"comment_status":"open","ping_status":"closed","sticky":false,"template":"","format":"standard","meta":{"_bbp_topic_count":0,"_bbp_reply_count":0,"_bbp_total_topic_count":0,"_bbp_total_reply_count":0,"_bbp_voice_count":0,"_bbp_anonymous_reply_count":0,"_bbp_topic_count_hidden":0,"_bbp_reply_count_hidden":0,"_bbp_forum_subforum_count":0,"footnotes":""},"categories":[95,58,1,4],"tags":[],"class_list":["post-3321","post","type-post","status-publish","format-standard","has-post-thumbnail","hentry","category-4t","category-curs-actual","category-general","category-portada"],"post_mailing_queue_ids":[],"_links":{"self":[{"href":"https:\/\/agora.xtec.cat\/escolaelviver\/wp-json\/wp\/v2\/posts\/3321","targetHints":{"allow":["GET"]}}],"collection":[{"href":"https:\/\/agora.xtec.cat\/escolaelviver\/wp-json\/wp\/v2\/posts"}],"about":[{"href":"https:\/\/agora.xtec.cat\/escolaelviver\/wp-json\/wp\/v2\/types\/post"}],"author":[{"embeddable":true,"href":"https:\/\/agora.xtec.cat\/escolaelviver\/wp-json\/wp\/v2\/users\/51"}],"replies":[{"embeddable":true,"href":"https:\/\/agora.xtec.cat\/escolaelviver\/wp-json\/wp\/v2\/comments?post=3321"}],"version-history":[{"count":3,"href":"https:\/\/agora.xtec.cat\/escolaelviver\/wp-json\/wp\/v2\/posts\/3321\/revisions"}],"predecessor-version":[{"id":3434,"href":"https:\/\/agora.xtec.cat\/escolaelviver\/wp-json\/wp\/v2\/posts\/3321\/revisions\/3434"}],"wp:featuredmedia":[{"embeddable":true,"href":"https:\/\/agora.xtec.cat\/escolaelviver\/wp-json\/wp\/v2\/media\/3432"}],"wp:attachment":[{"href":"https:\/\/agora.xtec.cat\/escolaelviver\/wp-json\/wp\/v2\/media?parent=3321"}],"wp:term":[{"taxonomy":"category","embeddable":true,"href":"https:\/\/agora.xtec.cat\/escolaelviver\/wp-json\/wp\/v2\/categories?post=3321"},{"taxonomy":"post_tag","embeddable":true,"href":"https:\/\/agora.xtec.cat\/escolaelviver\/wp-json\/wp\/v2\/tags?post=3321"}],"curies":[{"name":"wp","href":"https:\/\/api.w.org\/{rel}","templated":true}]}}