{"id":3315,"date":"2019-01-23T18:17:35","date_gmt":"2019-01-23T17:17:35","guid":{"rendered":"http:\/\/agora.xtec.cat\/escolaelviver\/?p=3315"},"modified":"2019-02-06T19:31:28","modified_gmt":"2019-02-06T18:31:28","slug":"prevenim-el-bullying-taller-de-la-fundacio-del-barca","status":"publish","type":"post","link":"https:\/\/agora.xtec.cat\/escolaelviver\/general\/prevenim-el-bullying-taller-de-la-fundacio-del-barca\/","title":{"rendered":"Prevenim el bullying. Taller de la Fundaci\u00f3 del Bar\u00e7a"},"content":{"rendered":"<p>Avui els nens i nenes de 3r hem fet el taller de prevenci\u00f3 del Bullying a l&#8217;escola. Han vingut dues noies que ens han explicat molt b\u00e9 qu\u00e8 \u00e9s el bullying, ens han posat un v\u00eddeo i despr\u00e9s hem baixat al gimn\u00e0s on hem fet unes activitats en equip en les que ens ho hem passat molt molt b\u00e9! Aqu\u00ed us deixem algunes fotos\u00a0 \u00a0<a href=\"https:\/\/photos.app.goo.gl\/pvx3eEuZYyLxojcb9\" target=\"_blank\" rel=\"noopener\">https:\/\/photos.app.goo.gl\/pvx3eEuZYyLxojcb9<\/a><\/p>\n<p>&nbsp;<\/p>\n<p><a href=\"https:\/\/agora.xtec.cat\/escolaelviver\/wp-content\/uploads\/usu460\/2019\/01\/WhatsApp-Image-2019-01-23-at-17.40.321.jpeg\"><img loading=\"lazy\" decoding=\"async\" class=\"alignnone size-large wp-image-3317\" src=\"https:\/\/agora.xtec.cat\/escolaelviver\/wp-content\/uploads\/usu460\/2019\/01\/WhatsApp-Image-2019-01-23-at-17.40.321-1024x768.jpeg\" alt=\"\" width=\"1024\" height=\"768\" srcset=\"https:\/\/agora.xtec.cat\/escolaelviver\/wp-content\/uploads\/usu460\/2019\/01\/WhatsApp-Image-2019-01-23-at-17.40.321-1024x768.jpeg 1024w, https:\/\/agora.xtec.cat\/escolaelviver\/wp-content\/uploads\/usu460\/2019\/01\/WhatsApp-Image-2019-01-23-at-17.40.321-300x225.jpeg 300w, https:\/\/agora.xtec.cat\/escolaelviver\/wp-content\/uploads\/usu460\/2019\/01\/WhatsApp-Image-2019-01-23-at-17.40.321-768x576.jpeg 768w, https:\/\/agora.xtec.cat\/escolaelviver\/wp-content\/uploads\/usu460\/2019\/01\/WhatsApp-Image-2019-01-23-at-17.40.321-200x150.jpeg 200w, https:\/\/agora.xtec.cat\/escolaelviver\/wp-content\/uploads\/usu460\/2019\/01\/WhatsApp-Image-2019-01-23-at-17.40.321.jpeg 1600w\" sizes=\"auto, (max-width: 1024px) 100vw, 1024px\" \/><\/a><\/p>\n","protected":false},"excerpt":{"rendered":"<p>Avui els nens i nenes de 3r hem fet el taller de prevenci\u00f3 del Bullying a l&#8217;escola. Han vingut dues noies que ens han explicat molt b\u00e9 qu\u00e8 \u00e9s el bullying, ens han posat un v\u00eddeo i despr\u00e9s hem baixat al gimn\u00e0s on hem fet&hellip;  <a href=\"https:\/\/agora.xtec.cat\/escolaelviver\/general\/prevenim-el-bullying-taller-de-la-fundacio-del-barca\/\" title=\"Read Prevenim el bullying. Taller de la Fundaci\u00f3 del Bar\u00e7a\">Llegeix m\u00e9s\u00bb<\/a><\/p>\n","protected":false},"author":51,"featured_media":3317,"comment_status":"open","ping_status":"closed","sticky":false,"template":"","format":"standard","meta":{"_bbp_topic_count":0,"_bbp_reply_count":0,"_bbp_total_topic_count":0,"_bbp_total_reply_count":0,"_bbp_voice_count":0,"_bbp_anonymous_reply_count":0,"_bbp_topic_count_hidden":0,"_bbp_reply_count_hidden":0,"_bbp_forum_subforum_count":0,"footnotes":""},"categories":[94,58,1,4],"tags":[],"class_list":["post-3315","post","type-post","status-publish","format-standard","has-post-thumbnail","hentry","category-3r","category-curs-actual","category-general","category-portada"],"post_mailing_queue_ids":[],"_links":{"self":[{"href":"https:\/\/agora.xtec.cat\/escolaelviver\/wp-json\/wp\/v2\/posts\/3315","targetHints":{"allow":["GET"]}}],"collection":[{"href":"https:\/\/agora.xtec.cat\/escolaelviver\/wp-json\/wp\/v2\/posts"}],"about":[{"href":"https:\/\/agora.xtec.cat\/escolaelviver\/wp-json\/wp\/v2\/types\/post"}],"author":[{"embeddable":true,"href":"https:\/\/agora.xtec.cat\/escolaelviver\/wp-json\/wp\/v2\/users\/51"}],"replies":[{"embeddable":true,"href":"https:\/\/agora.xtec.cat\/escolaelviver\/wp-json\/wp\/v2\/comments?post=3315"}],"version-history":[{"count":2,"href":"https:\/\/agora.xtec.cat\/escolaelviver\/wp-json\/wp\/v2\/posts\/3315\/revisions"}],"predecessor-version":[{"id":3319,"href":"https:\/\/agora.xtec.cat\/escolaelviver\/wp-json\/wp\/v2\/posts\/3315\/revisions\/3319"}],"wp:featuredmedia":[{"embeddable":true,"href":"https:\/\/agora.xtec.cat\/escolaelviver\/wp-json\/wp\/v2\/media\/3317"}],"wp:attachment":[{"href":"https:\/\/agora.xtec.cat\/escolaelviver\/wp-json\/wp\/v2\/media?parent=3315"}],"wp:term":[{"taxonomy":"category","embeddable":true,"href":"https:\/\/agora.xtec.cat\/escolaelviver\/wp-json\/wp\/v2\/categories?post=3315"},{"taxonomy":"post_tag","embeddable":true,"href":"https:\/\/agora.xtec.cat\/escolaelviver\/wp-json\/wp\/v2\/tags?post=3315"}],"curies":[{"name":"wp","href":"https:\/\/api.w.org\/{rel}","templated":true}]}}