{"id":3282,"date":"2019-01-21T13:54:48","date_gmt":"2019-01-21T12:54:48","guid":{"rendered":"http:\/\/agora.xtec.cat\/escolaelviver\/?p=3282"},"modified":"2019-01-21T13:55:25","modified_gmt":"2019-01-21T12:55:25","slug":"pellicula-els-vampirs","status":"publish","type":"post","link":"https:\/\/agora.xtec.cat\/escolaelviver\/general\/pellicula-els-vampirs\/","title":{"rendered":"Pel\u00b7l\u00edcula els vampirs"},"content":{"rendered":"<p>Aqu\u00ed us deixem la nostra pel\u00b7l\u00edcula. Ens ho hem passat molt b\u00e9 inventant el gui\u00f3, assajant i actuant. Tamb\u00e9 vam convertir la classe en un cinema per tal de convidar als nostres companys a l&#8217;estrena de la pel\u00b7l\u00edcula.<\/p>\n<p>Esperem que us agradi!<\/p>\n<p><a href=\"https:\/\/youtu.be\/7btedgXT9qE\">https:\/\/youtu.be\/7btedgXT9qE<\/a><\/p>\n","protected":false},"excerpt":{"rendered":"<p>Aqu\u00ed us deixem la nostra pel\u00b7l\u00edcula. Ens ho hem passat molt b\u00e9 inventant el gui\u00f3, assajant i actuant. Tamb\u00e9 vam convertir la classe en un cinema per tal de convidar als nostres companys a l&#8217;estrena de la pel\u00b7l\u00edcula.<br \/>\nEsperem que us agradi!<br \/>\n<a href=\"https:\/\/youtu.be\/7btedgXT9qE\">https:\/\/youtu.be\/7btedgXT9qE<\/a><\/p>\n","protected":false},"author":49,"featured_media":3285,"comment_status":"open","ping_status":"closed","sticky":false,"template":"","format":"standard","meta":{"_bbp_topic_count":0,"_bbp_reply_count":0,"_bbp_total_topic_count":0,"_bbp_total_reply_count":0,"_bbp_voice_count":0,"_bbp_anonymous_reply_count":0,"_bbp_topic_count_hidden":0,"_bbp_reply_count_hidden":0,"_bbp_forum_subforum_count":0,"footnotes":""},"categories":[93,1,4,105],"tags":[],"class_list":["post-3282","post","type-post","status-publish","format-standard","has-post-thumbnail","hentry","category-2n","category-general","category-portada","category-teatre"],"post_mailing_queue_ids":[],"_links":{"self":[{"href":"https:\/\/agora.xtec.cat\/escolaelviver\/wp-json\/wp\/v2\/posts\/3282","targetHints":{"allow":["GET"]}}],"collection":[{"href":"https:\/\/agora.xtec.cat\/escolaelviver\/wp-json\/wp\/v2\/posts"}],"about":[{"href":"https:\/\/agora.xtec.cat\/escolaelviver\/wp-json\/wp\/v2\/types\/post"}],"author":[{"embeddable":true,"href":"https:\/\/agora.xtec.cat\/escolaelviver\/wp-json\/wp\/v2\/users\/49"}],"replies":[{"embeddable":true,"href":"https:\/\/agora.xtec.cat\/escolaelviver\/wp-json\/wp\/v2\/comments?post=3282"}],"version-history":[{"count":2,"href":"https:\/\/agora.xtec.cat\/escolaelviver\/wp-json\/wp\/v2\/posts\/3282\/revisions"}],"predecessor-version":[{"id":3286,"href":"https:\/\/agora.xtec.cat\/escolaelviver\/wp-json\/wp\/v2\/posts\/3282\/revisions\/3286"}],"wp:featuredmedia":[{"embeddable":true,"href":"https:\/\/agora.xtec.cat\/escolaelviver\/wp-json\/wp\/v2\/media\/3285"}],"wp:attachment":[{"href":"https:\/\/agora.xtec.cat\/escolaelviver\/wp-json\/wp\/v2\/media?parent=3282"}],"wp:term":[{"taxonomy":"category","embeddable":true,"href":"https:\/\/agora.xtec.cat\/escolaelviver\/wp-json\/wp\/v2\/categories?post=3282"},{"taxonomy":"post_tag","embeddable":true,"href":"https:\/\/agora.xtec.cat\/escolaelviver\/wp-json\/wp\/v2\/tags?post=3282"}],"curies":[{"name":"wp","href":"https:\/\/api.w.org\/{rel}","templated":true}]}}