{"id":3281,"date":"2019-01-21T14:04:20","date_gmt":"2019-01-21T13:04:20","guid":{"rendered":"http:\/\/agora.xtec.cat\/escolaelviver\/?p=3281"},"modified":"2019-01-21T14:11:20","modified_gmt":"2019-01-21T13:11:20","slug":"som-uns-artistes-de-la-prehistoria","status":"publish","type":"post","link":"https:\/\/agora.xtec.cat\/escolaelviver\/primaria\/5e\/som-uns-artistes-de-la-prehistoria\/","title":{"rendered":"Som uns artistes de la Prehist\u00f2ria."},"content":{"rendered":"<p>5\u00e8 A ha fet un viatge en el temps. S&#8217;han aixecat a l&#8217;alba transformats en pintors de la Prehist\u00f2ria&#8230;<\/p>\n","protected":false},"excerpt":{"rendered":"<p>La meva vida a la Prehist\u00f2ria&hellip;  <a href=\"https:\/\/agora.xtec.cat\/escolaelviver\/primaria\/5e\/som-uns-artistes-de-la-prehistoria\/\" title=\"Read Som uns artistes de la Prehist\u00f2ria.\">Llegeix m\u00e9s\u00bb<\/a><\/p>\n","protected":false},"author":14,"featured_media":3287,"comment_status":"open","ping_status":"closed","sticky":false,"template":"","format":"standard","meta":{"_bbp_topic_count":0,"_bbp_reply_count":0,"_bbp_total_topic_count":0,"_bbp_total_reply_count":0,"_bbp_voice_count":0,"_bbp_anonymous_reply_count":0,"_bbp_topic_count_hidden":0,"_bbp_reply_count_hidden":0,"_bbp_forum_subforum_count":0,"footnotes":""},"categories":[96,102],"tags":[],"class_list":["post-3281","post","type-post","status-publish","format-standard","has-post-thumbnail","hentry","category-5e","category-el-viver-per-escrit"],"post_mailing_queue_ids":[],"_links":{"self":[{"href":"https:\/\/agora.xtec.cat\/escolaelviver\/wp-json\/wp\/v2\/posts\/3281","targetHints":{"allow":["GET"]}}],"collection":[{"href":"https:\/\/agora.xtec.cat\/escolaelviver\/wp-json\/wp\/v2\/posts"}],"about":[{"href":"https:\/\/agora.xtec.cat\/escolaelviver\/wp-json\/wp\/v2\/types\/post"}],"author":[{"embeddable":true,"href":"https:\/\/agora.xtec.cat\/escolaelviver\/wp-json\/wp\/v2\/users\/14"}],"replies":[{"embeddable":true,"href":"https:\/\/agora.xtec.cat\/escolaelviver\/wp-json\/wp\/v2\/comments?post=3281"}],"version-history":[{"count":2,"href":"https:\/\/agora.xtec.cat\/escolaelviver\/wp-json\/wp\/v2\/posts\/3281\/revisions"}],"predecessor-version":[{"id":3296,"href":"https:\/\/agora.xtec.cat\/escolaelviver\/wp-json\/wp\/v2\/posts\/3281\/revisions\/3296"}],"wp:featuredmedia":[{"embeddable":true,"href":"https:\/\/agora.xtec.cat\/escolaelviver\/wp-json\/wp\/v2\/media\/3287"}],"wp:attachment":[{"href":"https:\/\/agora.xtec.cat\/escolaelviver\/wp-json\/wp\/v2\/media?parent=3281"}],"wp:term":[{"taxonomy":"category","embeddable":true,"href":"https:\/\/agora.xtec.cat\/escolaelviver\/wp-json\/wp\/v2\/categories?post=3281"},{"taxonomy":"post_tag","embeddable":true,"href":"https:\/\/agora.xtec.cat\/escolaelviver\/wp-json\/wp\/v2\/tags?post=3281"}],"curies":[{"name":"wp","href":"https:\/\/api.w.org\/{rel}","templated":true}]}}