{"id":3191,"date":"2018-12-18T13:24:08","date_gmt":"2018-12-18T12:24:08","guid":{"rendered":"http:\/\/agora.xtec.cat\/escolaelviver\/?p=3191"},"modified":"2018-12-18T13:28:32","modified_gmt":"2018-12-18T12:28:32","slug":"video-del-projecte-sobre-els-canvis-fisics-dels-alumnes-de-6ea","status":"publish","type":"post","link":"https:\/\/agora.xtec.cat\/escolaelviver\/general\/video-del-projecte-sobre-els-canvis-fisics-dels-alumnes-de-6ea\/","title":{"rendered":"V\u00eddeo del projecte sobre els canvis f\u00edsics dels alumnes de 6\u00e8B"},"content":{"rendered":"<p>&nbsp;<\/p>\n<p>Durant aquest primer trimestre els alumnes de 6\u00e8B han estat realitzant un projecte que va n\u00e9ixer d&#8217;una pregunta que ens vam fer a l&#8217;aula. Aquesta deia aix\u00ed: <em>&#8220;Per qu\u00e8 alguns de nosaltres hem canviat f\u00edsicament despr\u00e9s de tornar de vacances?&#8221;<\/em><\/p>\n<p>Al llarg d&#8217;aquest temps han anat apareixent molts i molts conceptes i d&#8217;uns continguts ens hem anat traslladant a d&#8217;altres de m\u00e9s importants. Els mestres hem anat guiant un treball, on els alumnes han anat decidint qu\u00e8, com i per on continuar la feina di\u00e0ria. S&#8217;ha treballat de manera individual, per parelles i en grups de treball cooperatiu per anar donant forma a totes i cadascuna de les activitats que els protagonistes han portat a terme. Murals, exposicions, la revista &#8220;Molt Interessant&#8221;, maquetes, cerca d&#8217;informaci\u00f3 i una xarxa de connexions han estat el gran gruix d&#8217;activitats que ens han anat acompanyant al llarg d&#8217;aquest viatge.<\/p>\n<p>Podeu clicar als dos enlla\u00e7os per veure un resum del m\u00e9s important treballat a l&#8217;aula, explicat per cinc alumnes.<\/p>\n<p>Esperem que us agradi!!!<\/p>\n<p><a href=\"https:\/\/agora.xtec.cat\/escolaelviver\/wp-content\/uploads\/usu460\/2018\/12\/IMG_2303.jpg\"><img loading=\"lazy\" decoding=\"async\" class=\"alignleft wp-image-3192\" src=\"https:\/\/agora.xtec.cat\/escolaelviver\/wp-content\/uploads\/usu460\/2018\/12\/IMG_2303-1024x768.jpg\" alt=\"\" width=\"163\" height=\"122\" srcset=\"https:\/\/agora.xtec.cat\/escolaelviver\/wp-content\/uploads\/usu460\/2018\/12\/IMG_2303-1024x768.jpg 1024w, https:\/\/agora.xtec.cat\/escolaelviver\/wp-content\/uploads\/usu460\/2018\/12\/IMG_2303-300x225.jpg 300w, https:\/\/agora.xtec.cat\/escolaelviver\/wp-content\/uploads\/usu460\/2018\/12\/IMG_2303-768x576.jpg 768w, https:\/\/agora.xtec.cat\/escolaelviver\/wp-content\/uploads\/usu460\/2018\/12\/IMG_2303-200x150.jpg 200w\" sizes=\"auto, (max-width: 163px) 100vw, 163px\" \/><\/a><\/p>\n<p>&nbsp;<\/p>\n<p>&nbsp;<\/p>\n<p>&nbsp;<\/p>\n<p>&nbsp;<\/p>\n<p>&nbsp;<\/p>\n<p><a href=\"https:\/\/www.youtube.com\/watch?v=IhAQRrgHcN0\">Laia i Yvette\u00a0<\/a><\/p>\n<p><a href=\"https:\/\/agora.xtec.cat\/escolaelviver\/wp-content\/uploads\/usu460\/2018\/12\/IMG_2310.jpg\"><img loading=\"lazy\" decoding=\"async\" class=\"alignnone wp-image-3193\" src=\"https:\/\/agora.xtec.cat\/escolaelviver\/wp-content\/uploads\/usu460\/2018\/12\/IMG_2310-1024x768.jpg\" alt=\"\" width=\"167\" height=\"125\" srcset=\"https:\/\/agora.xtec.cat\/escolaelviver\/wp-content\/uploads\/usu460\/2018\/12\/IMG_2310-1024x768.jpg 1024w, https:\/\/agora.xtec.cat\/escolaelviver\/wp-content\/uploads\/usu460\/2018\/12\/IMG_2310-300x225.jpg 300w, https:\/\/agora.xtec.cat\/escolaelviver\/wp-content\/uploads\/usu460\/2018\/12\/IMG_2310-768x576.jpg 768w, https:\/\/agora.xtec.cat\/escolaelviver\/wp-content\/uploads\/usu460\/2018\/12\/IMG_2310-200x150.jpg 200w\" sizes=\"auto, (max-width: 167px) 100vw, 167px\" \/><\/a><\/p>\n<p><a href=\"https:\/\/www.youtube.com\/watch?v=gT02lblmlww\">Xavi, N\u00faria i Ihssam<\/a><\/p>\n<p>&nbsp;<\/p>\n<p>&nbsp;<\/p>\n<p>&nbsp;<\/p>\n","protected":false},"excerpt":{"rendered":"<p>&nbsp;<br \/>\nDurant aquest primer trimestre els alumnes de 6\u00e8B han estat realitzant un projecte que va n\u00e9ixer d&#8217;una pregunta que ens vam fer a l&#8217;aula. Aquesta deia aix\u00ed: &#8220;Per qu\u00e8 alguns de nosaltres hem canviat f\u00edsicament despr\u00e9s de tornar de vacances?&#8221;<br \/>\nAl llarg d&#8217;aquest temps han anat&hellip;  <a href=\"https:\/\/agora.xtec.cat\/escolaelviver\/general\/video-del-projecte-sobre-els-canvis-fisics-dels-alumnes-de-6ea\/\" title=\"Read V\u00eddeo del projecte sobre els canvis f\u00edsics dels alumnes de 6\u00e8B\">Llegeix m\u00e9s\u00bb<\/a><\/p>\n","protected":false},"author":59,"featured_media":3195,"comment_status":"open","ping_status":"closed","sticky":false,"template":"","format":"standard","meta":{"_bbp_topic_count":0,"_bbp_reply_count":0,"_bbp_total_topic_count":0,"_bbp_total_reply_count":0,"_bbp_voice_count":0,"_bbp_anonymous_reply_count":0,"_bbp_topic_count_hidden":0,"_bbp_reply_count_hidden":0,"_bbp_forum_subforum_count":0,"footnotes":""},"categories":[109,1,4],"tags":[],"class_list":["post-3191","post","type-post","status-publish","format-standard","has-post-thumbnail","hentry","category-6e","category-general","category-portada"],"post_mailing_queue_ids":[],"_links":{"self":[{"href":"https:\/\/agora.xtec.cat\/escolaelviver\/wp-json\/wp\/v2\/posts\/3191","targetHints":{"allow":["GET"]}}],"collection":[{"href":"https:\/\/agora.xtec.cat\/escolaelviver\/wp-json\/wp\/v2\/posts"}],"about":[{"href":"https:\/\/agora.xtec.cat\/escolaelviver\/wp-json\/wp\/v2\/types\/post"}],"author":[{"embeddable":true,"href":"https:\/\/agora.xtec.cat\/escolaelviver\/wp-json\/wp\/v2\/users\/59"}],"replies":[{"embeddable":true,"href":"https:\/\/agora.xtec.cat\/escolaelviver\/wp-json\/wp\/v2\/comments?post=3191"}],"version-history":[{"count":2,"href":"https:\/\/agora.xtec.cat\/escolaelviver\/wp-json\/wp\/v2\/posts\/3191\/revisions"}],"predecessor-version":[{"id":3197,"href":"https:\/\/agora.xtec.cat\/escolaelviver\/wp-json\/wp\/v2\/posts\/3191\/revisions\/3197"}],"wp:featuredmedia":[{"embeddable":true,"href":"https:\/\/agora.xtec.cat\/escolaelviver\/wp-json\/wp\/v2\/media\/3195"}],"wp:attachment":[{"href":"https:\/\/agora.xtec.cat\/escolaelviver\/wp-json\/wp\/v2\/media?parent=3191"}],"wp:term":[{"taxonomy":"category","embeddable":true,"href":"https:\/\/agora.xtec.cat\/escolaelviver\/wp-json\/wp\/v2\/categories?post=3191"},{"taxonomy":"post_tag","embeddable":true,"href":"https:\/\/agora.xtec.cat\/escolaelviver\/wp-json\/wp\/v2\/tags?post=3191"}],"curies":[{"name":"wp","href":"https:\/\/api.w.org\/{rel}","templated":true}]}}