{"id":3156,"date":"2018-12-12T11:58:59","date_gmt":"2018-12-12T10:58:59","guid":{"rendered":"http:\/\/agora.xtec.cat\/escolaelviver\/?p=3156"},"modified":"2018-12-18T10:05:07","modified_gmt":"2018-12-18T09:05:07","slug":"video-del-projecte-de-les-llengues-6e-a","status":"publish","type":"post","link":"https:\/\/agora.xtec.cat\/escolaelviver\/portada\/video-del-projecte-de-les-llengues-6e-a\/","title":{"rendered":"V\u00eddeo del projecte de les lleng\u00fces (6\u00e8 A)"},"content":{"rendered":"<p>L&#8217;activitat final del projecte: &#8220;Per qu\u00e8 es parlen diferents lleng\u00fces al m\u00f3n?&#8221; ha estat la realitzaci\u00f3 d&#8217;un v\u00eddeo. Hem tingut l&#8217;assessorament d&#8217;un exalumne expert en comunicaci\u00f3 que ens ha ajudat en la gravaci\u00f3 d&#8217;aquest, donant-nos orientacions i diverses pautes.<\/p>\n<p>En el v\u00eddeo podrem veure la diversitat ling\u00fc\u00edstica de la nostra escola i les diferents lleng\u00fces maternes que es parlen a l&#8217;Escola El Viver. En els diferents enlla\u00e7os es poden veure les gravacions realitzades i els alumnes que hi participen en cadascuna d&#8217;elles.<\/p>\n<p>Ha estat una experi\u00e8ncia enriquidora i, entre tots\/es, hem creat els guions i l&#8217;escenografia.<\/p>\n<p>Podeu clicar als diferents enlla\u00e7os per veure les produccions dels alumnes.<\/p>\n<p>Esperem que us agradi!!<\/p>\n<p><a style=\"font-family: inherit;font-size: 1em\" href=\"https:\/\/www.youtube.com\/watch?v=j-99sut4VXc\">Aina, Manuel, Marouan, Daniela, Naiara i Janin<\/a><\/p>\n<p><a href=\"https:\/\/www.youtube.com\/watch?v=KHj_Y0iLGhU\">Javi, Carla, Naia, Denis, Fran i Xenia<\/a><\/p>\n<p><a href=\"https:\/\/youtu.be\/EGnQLC66dLo\">Gisela, Soraya, Iv\u00e1n, Saboor, Laura, Irene i Emram<\/a><\/p>\n","protected":false},"excerpt":{"rendered":"<p>L&#8217;activitat final del projecte: &#8220;Per qu\u00e8 es parlen diferents lleng\u00fces al m\u00f3n?&#8221; ha estat la realitzaci\u00f3 d&#8217;un v\u00eddeo. Hem tingut l&#8217;assessorament d&#8217;un exalumne expert en comunicaci\u00f3 que ens ha ajudat en la gravaci\u00f3 d&#8217;aquest, donant-nos orientacions i diverses pautes.<br \/>\nEn el v\u00eddeo podrem veure la diversitat&hellip;  <a href=\"https:\/\/agora.xtec.cat\/escolaelviver\/portada\/video-del-projecte-de-les-llengues-6e-a\/\" title=\"Read V\u00eddeo del projecte de les lleng\u00fces (6\u00e8 A)\">Llegeix m\u00e9s\u00bb<\/a><\/p>\n","protected":false},"author":59,"featured_media":3157,"comment_status":"open","ping_status":"closed","sticky":false,"template":"","format":"standard","meta":{"_bbp_topic_count":0,"_bbp_reply_count":0,"_bbp_total_topic_count":0,"_bbp_total_reply_count":0,"_bbp_voice_count":0,"_bbp_anonymous_reply_count":0,"_bbp_topic_count_hidden":0,"_bbp_reply_count_hidden":0,"_bbp_forum_subforum_count":0,"footnotes":""},"categories":[109,4],"tags":[],"class_list":["post-3156","post","type-post","status-publish","format-standard","has-post-thumbnail","hentry","category-6e","category-portada"],"post_mailing_queue_ids":[],"_links":{"self":[{"href":"https:\/\/agora.xtec.cat\/escolaelviver\/wp-json\/wp\/v2\/posts\/3156","targetHints":{"allow":["GET"]}}],"collection":[{"href":"https:\/\/agora.xtec.cat\/escolaelviver\/wp-json\/wp\/v2\/posts"}],"about":[{"href":"https:\/\/agora.xtec.cat\/escolaelviver\/wp-json\/wp\/v2\/types\/post"}],"author":[{"embeddable":true,"href":"https:\/\/agora.xtec.cat\/escolaelviver\/wp-json\/wp\/v2\/users\/59"}],"replies":[{"embeddable":true,"href":"https:\/\/agora.xtec.cat\/escolaelviver\/wp-json\/wp\/v2\/comments?post=3156"}],"version-history":[{"count":3,"href":"https:\/\/agora.xtec.cat\/escolaelviver\/wp-json\/wp\/v2\/posts\/3156\/revisions"}],"predecessor-version":[{"id":3190,"href":"https:\/\/agora.xtec.cat\/escolaelviver\/wp-json\/wp\/v2\/posts\/3156\/revisions\/3190"}],"wp:featuredmedia":[{"embeddable":true,"href":"https:\/\/agora.xtec.cat\/escolaelviver\/wp-json\/wp\/v2\/media\/3157"}],"wp:attachment":[{"href":"https:\/\/agora.xtec.cat\/escolaelviver\/wp-json\/wp\/v2\/media?parent=3156"}],"wp:term":[{"taxonomy":"category","embeddable":true,"href":"https:\/\/agora.xtec.cat\/escolaelviver\/wp-json\/wp\/v2\/categories?post=3156"},{"taxonomy":"post_tag","embeddable":true,"href":"https:\/\/agora.xtec.cat\/escolaelviver\/wp-json\/wp\/v2\/tags?post=3156"}],"curies":[{"name":"wp","href":"https:\/\/api.w.org\/{rel}","templated":true}]}}