{"id":3101,"date":"2018-11-28T13:00:06","date_gmt":"2018-11-28T12:00:06","guid":{"rendered":"http:\/\/agora.xtec.cat\/escolaelviver\/?p=3101"},"modified":"2018-11-28T13:00:39","modified_gmt":"2018-11-28T12:00:39","slug":"invitacio-a-la-gran-festa-dels-numeros-el-viver-per-escrit-1b","status":"publish","type":"post","link":"https:\/\/agora.xtec.cat\/escolaelviver\/primaria\/invitacio-a-la-gran-festa-dels-numeros-el-viver-per-escrit-1b\/","title":{"rendered":"Invitaci\u00f3 a la gran festa dels n\u00fameros- El Viver per escrit- 1B"},"content":{"rendered":"<p style=\"text-align: center\">La classe de les Sirenes i Tritons, van escriure una invitaci\u00f3 pel cicle inicial on els convid\u00e0vem a celebrar la GRAN FESTA DELS N\u00daMEROS.<\/p>\n<p><a href=\"https:\/\/agora.xtec.cat\/escolaelviver\/wp-content\/uploads\/usu460\/2018\/11\/bona-2.jpg\"><img loading=\"lazy\" decoding=\"async\" class=\"alignnone size-full wp-image-3102\" src=\"https:\/\/agora.xtec.cat\/escolaelviver\/wp-content\/uploads\/usu460\/2018\/11\/bona-2.jpg\" alt=\"\" width=\"767\" height=\"494\" srcset=\"https:\/\/agora.xtec.cat\/escolaelviver\/wp-content\/uploads\/usu460\/2018\/11\/bona-2.jpg 767w, https:\/\/agora.xtec.cat\/escolaelviver\/wp-content\/uploads\/usu460\/2018\/11\/bona-2-300x193.jpg 300w\" sizes=\"auto, (max-width: 767px) 100vw, 767px\" \/><\/a><\/p>\n","protected":false},"excerpt":{"rendered":"<p>La classe de les Sirenes i Tritons, van escriure una invitaci\u00f3 pel cicle inicial on els convid\u00e0vem a celebrar la GRAN FESTA DELS N\u00daMEROS.<br \/>\n<a href=\"https:\/\/agora.xtec.cat\/escolaelviver\/wp-content\/uploads\/usu460\/2018\/11\/bona-2.jpg\"><\/a><\/p>\n","protected":false},"author":36,"featured_media":0,"comment_status":"open","ping_status":"closed","sticky":false,"template":"","format":"standard","meta":{"_bbp_topic_count":0,"_bbp_reply_count":0,"_bbp_total_topic_count":0,"_bbp_total_reply_count":0,"_bbp_voice_count":0,"_bbp_anonymous_reply_count":0,"_bbp_topic_count_hidden":0,"_bbp_reply_count_hidden":0,"_bbp_forum_subforum_count":0,"footnotes":""},"categories":[92,102,5],"tags":[],"class_list":["post-3101","post","type-post","status-publish","format-standard","hentry","category-1r","category-el-viver-per-escrit","category-primaria"],"post_mailing_queue_ids":[],"_links":{"self":[{"href":"https:\/\/agora.xtec.cat\/escolaelviver\/wp-json\/wp\/v2\/posts\/3101","targetHints":{"allow":["GET"]}}],"collection":[{"href":"https:\/\/agora.xtec.cat\/escolaelviver\/wp-json\/wp\/v2\/posts"}],"about":[{"href":"https:\/\/agora.xtec.cat\/escolaelviver\/wp-json\/wp\/v2\/types\/post"}],"author":[{"embeddable":true,"href":"https:\/\/agora.xtec.cat\/escolaelviver\/wp-json\/wp\/v2\/users\/36"}],"replies":[{"embeddable":true,"href":"https:\/\/agora.xtec.cat\/escolaelviver\/wp-json\/wp\/v2\/comments?post=3101"}],"version-history":[{"count":1,"href":"https:\/\/agora.xtec.cat\/escolaelviver\/wp-json\/wp\/v2\/posts\/3101\/revisions"}],"predecessor-version":[{"id":3103,"href":"https:\/\/agora.xtec.cat\/escolaelviver\/wp-json\/wp\/v2\/posts\/3101\/revisions\/3103"}],"wp:attachment":[{"href":"https:\/\/agora.xtec.cat\/escolaelviver\/wp-json\/wp\/v2\/media?parent=3101"}],"wp:term":[{"taxonomy":"category","embeddable":true,"href":"https:\/\/agora.xtec.cat\/escolaelviver\/wp-json\/wp\/v2\/categories?post=3101"},{"taxonomy":"post_tag","embeddable":true,"href":"https:\/\/agora.xtec.cat\/escolaelviver\/wp-json\/wp\/v2\/tags?post=3101"}],"curies":[{"name":"wp","href":"https:\/\/api.w.org\/{rel}","templated":true}]}}