{"id":2923,"date":"2018-10-11T12:46:42","date_gmt":"2018-10-11T10:46:42","guid":{"rendered":"http:\/\/agora.xtec.cat\/escolaelviver\/?p=2923"},"modified":"2018-10-11T12:46:42","modified_gmt":"2018-10-11T10:46:42","slug":"la-gran-festa-dels-numeros-1b","status":"publish","type":"post","link":"https:\/\/agora.xtec.cat\/escolaelviver\/portada\/la-gran-festa-dels-numeros-1b\/","title":{"rendered":"LA GRAN FESTA DELS N\u00daMEROS- 1B"},"content":{"rendered":"<p>La Classe de les Sirenes i Tritons (1B) est\u00e0 molt emocionada. Volem organitzar la GRAN FESTA DELS N\u00daMEROS, i convidar a tots els n\u00fameros que hi ha a l&#8217;escola perqu\u00e8 vinguin a celabrar-la amb nosaltres.<\/p>\n<p>Per aix\u00f2, hem d&#8217;esbrinar quants n\u00fameros hi ha a l&#8217;escola i on s&#8217;amaguen. De moment hem demanat perm\u00eds a totes les mestres per poder entrar a la seva classe i comptar els n\u00fameros. Tamb\u00e9 estem fent un pl\u00e0nol de l&#8217;escola per saber a quins llocs i espais podem anar a mirar n\u00fameros.<\/p>\n<p>La veritat \u00e9s que tenim moltes ganes de celebrar la GRAN FESTA, per\u00f2 sabem que encara ens queda molta feina de preparaci\u00f3!!<\/p>\n<p>&nbsp;<\/p>\n<p>Aqu\u00ed teniu algunes fotografies sobre el projecte:<\/p>\n<p><a href=\"https:\/\/photos.google.com\/u\/1\/share\/AF1QipNvBAnb7OINHzHmc3pMjsX7iqCHE_QeIfHlMtGvHLPQGl7YoodZDqnANRZjx6yzXg?key=cTJoMXR0amNBM2RDMUMxVmxoOFlnRVkxbTZhcUxn\">La Gran Festa dels N\u00fameros<\/a><\/p>\n","protected":false},"excerpt":{"rendered":"<p>La Classe de les Sirenes i Tritons (1B) est\u00e0 molt emocionada. Volem organitzar la GRAN FESTA DELS N\u00daMEROS, i convidar a tots els n\u00fameros que hi ha a l&#8217;escola perqu\u00e8 vinguin a celabrar-la amb nosaltres.<br \/>\nPer aix\u00f2, hem d&#8217;esbrinar quants n\u00fameros hi ha a l&#8217;escola i&hellip;  <a href=\"https:\/\/agora.xtec.cat\/escolaelviver\/portada\/la-gran-festa-dels-numeros-1b\/\" title=\"Read LA GRAN FESTA DELS N\u00daMEROS- 1B\">Llegeix m\u00e9s\u00bb<\/a><\/p>\n","protected":false},"author":36,"featured_media":0,"comment_status":"open","ping_status":"closed","sticky":false,"template":"","format":"standard","meta":{"_bbp_topic_count":0,"_bbp_reply_count":0,"_bbp_total_topic_count":0,"_bbp_total_reply_count":0,"_bbp_voice_count":0,"_bbp_anonymous_reply_count":0,"_bbp_topic_count_hidden":0,"_bbp_reply_count_hidden":0,"_bbp_forum_subforum_count":0,"footnotes":""},"categories":[92,4,5],"tags":[],"class_list":["post-2923","post","type-post","status-publish","format-standard","hentry","category-1r","category-portada","category-primaria"],"post_mailing_queue_ids":[],"_links":{"self":[{"href":"https:\/\/agora.xtec.cat\/escolaelviver\/wp-json\/wp\/v2\/posts\/2923","targetHints":{"allow":["GET"]}}],"collection":[{"href":"https:\/\/agora.xtec.cat\/escolaelviver\/wp-json\/wp\/v2\/posts"}],"about":[{"href":"https:\/\/agora.xtec.cat\/escolaelviver\/wp-json\/wp\/v2\/types\/post"}],"author":[{"embeddable":true,"href":"https:\/\/agora.xtec.cat\/escolaelviver\/wp-json\/wp\/v2\/users\/36"}],"replies":[{"embeddable":true,"href":"https:\/\/agora.xtec.cat\/escolaelviver\/wp-json\/wp\/v2\/comments?post=2923"}],"version-history":[{"count":1,"href":"https:\/\/agora.xtec.cat\/escolaelviver\/wp-json\/wp\/v2\/posts\/2923\/revisions"}],"predecessor-version":[{"id":2924,"href":"https:\/\/agora.xtec.cat\/escolaelviver\/wp-json\/wp\/v2\/posts\/2923\/revisions\/2924"}],"wp:attachment":[{"href":"https:\/\/agora.xtec.cat\/escolaelviver\/wp-json\/wp\/v2\/media?parent=2923"}],"wp:term":[{"taxonomy":"category","embeddable":true,"href":"https:\/\/agora.xtec.cat\/escolaelviver\/wp-json\/wp\/v2\/categories?post=2923"},{"taxonomy":"post_tag","embeddable":true,"href":"https:\/\/agora.xtec.cat\/escolaelviver\/wp-json\/wp\/v2\/tags?post=2923"}],"curies":[{"name":"wp","href":"https:\/\/api.w.org\/{rel}","templated":true}]}}