{"id":2900,"date":"2018-09-13T10:23:06","date_gmt":"2018-09-13T08:23:06","guid":{"rendered":"http:\/\/agora.xtec.cat\/escolaelviver\/?p=2900"},"modified":"2018-10-26T16:40:07","modified_gmt":"2018-10-26T14:40:07","slug":"segon-dia-de-curs-a-educacio-infantil","status":"publish","type":"post","link":"https:\/\/agora.xtec.cat\/escolaelviver\/infantil\/segon-dia-de-curs-a-educacio-infantil\/","title":{"rendered":"Segon dia de curs a educaci\u00f3 infantil"},"content":{"rendered":"<p>Avui els m\u00e9s grans ja hem comen\u00e7at a treballar i escriure. I els m\u00e9s petits encara estem coneixent la classe, i sobretot, jugar molt.<\/p>\n<p>&nbsp;<\/p>\n<p><a href=\"https:\/\/photos.app.goo.gl\/91Fqt85KcRS2Rusf6\">Clica aqu\u00ed per veure fotografies<\/a><\/p>\n","protected":false},"excerpt":{"rendered":"<p>Avui els m\u00e9s grans ja hem comen\u00e7at a treballar i escriure. I els m\u00e9s petits encara estem coneixent la classe, i sobretot, jugar molt.<br \/>\n&nbsp;<br \/>\n<a href=\"https:\/\/photos.app.goo.gl\/91Fqt85KcRS2Rusf6\">Clica aqu\u00ed per veure fotografies<\/a><\/p>\n","protected":false},"author":3,"featured_media":0,"comment_status":"open","ping_status":"closed","sticky":false,"template":"","format":"standard","meta":{"_bbp_topic_count":0,"_bbp_reply_count":0,"_bbp_total_topic_count":0,"_bbp_total_reply_count":0,"_bbp_voice_count":0,"_bbp_anonymous_reply_count":0,"_bbp_topic_count_hidden":0,"_bbp_reply_count_hidden":0,"_bbp_forum_subforum_count":0,"footnotes":""},"categories":[2,108,106,107],"tags":[],"class_list":["post-2900","post","type-post","status-publish","format-standard","hentry","category-infantil","category-p3","category-p4","category-p5"],"post_mailing_queue_ids":[],"_links":{"self":[{"href":"https:\/\/agora.xtec.cat\/escolaelviver\/wp-json\/wp\/v2\/posts\/2900","targetHints":{"allow":["GET"]}}],"collection":[{"href":"https:\/\/agora.xtec.cat\/escolaelviver\/wp-json\/wp\/v2\/posts"}],"about":[{"href":"https:\/\/agora.xtec.cat\/escolaelviver\/wp-json\/wp\/v2\/types\/post"}],"author":[{"embeddable":true,"href":"https:\/\/agora.xtec.cat\/escolaelviver\/wp-json\/wp\/v2\/users\/3"}],"replies":[{"embeddable":true,"href":"https:\/\/agora.xtec.cat\/escolaelviver\/wp-json\/wp\/v2\/comments?post=2900"}],"version-history":[{"count":1,"href":"https:\/\/agora.xtec.cat\/escolaelviver\/wp-json\/wp\/v2\/posts\/2900\/revisions"}],"predecessor-version":[{"id":2901,"href":"https:\/\/agora.xtec.cat\/escolaelviver\/wp-json\/wp\/v2\/posts\/2900\/revisions\/2901"}],"wp:attachment":[{"href":"https:\/\/agora.xtec.cat\/escolaelviver\/wp-json\/wp\/v2\/media?parent=2900"}],"wp:term":[{"taxonomy":"category","embeddable":true,"href":"https:\/\/agora.xtec.cat\/escolaelviver\/wp-json\/wp\/v2\/categories?post=2900"},{"taxonomy":"post_tag","embeddable":true,"href":"https:\/\/agora.xtec.cat\/escolaelviver\/wp-json\/wp\/v2\/tags?post=2900"}],"curies":[{"name":"wp","href":"https:\/\/api.w.org\/{rel}","templated":true}]}}