{"id":2864,"date":"2018-06-22T12:30:28","date_gmt":"2018-06-22T10:30:28","guid":{"rendered":"http:\/\/agora.xtec.cat\/escolaelviver\/?p=2864"},"modified":"2018-06-22T12:30:28","modified_gmt":"2018-06-22T10:30:28","slug":"prego-de-can-sant-joan","status":"publish","type":"post","link":"https:\/\/agora.xtec.cat\/escolaelviver\/general\/prego-de-can-sant-joan\/","title":{"rendered":"PREG\u00d3 DE CAN SANT JOAN!"},"content":{"rendered":"<p>Aqu\u00ed tenim a les nenes que han dit, presentat i ballat el preg\u00f3 de la festa major de Can Sant Joan!!!! ???<\/p>\n<p>Ho heu fet genial!!! Felicitats noies!!!! ??<\/p>\n<p><a href=\"http:\/\/agora.xtec.cat\/escolaelviver\/wp-content\/uploads\/usu460\/2018\/06\/IMG_2018-06-22_12-26-45.jpg\"><img loading=\"lazy\" decoding=\"async\" class=\"alignnone size-large wp-image-2866\" src=\"http:\/\/agora.xtec.cat\/escolaelviver\/wp-content\/uploads\/usu460\/2018\/06\/IMG_2018-06-22_12-26-45-1024x768.jpg\" alt=\"\" width=\"1024\" height=\"768\" srcset=\"https:\/\/agora.xtec.cat\/escolaelviver\/wp-content\/uploads\/usu460\/2018\/06\/IMG_2018-06-22_12-26-45-1024x768.jpg 1024w, https:\/\/agora.xtec.cat\/escolaelviver\/wp-content\/uploads\/usu460\/2018\/06\/IMG_2018-06-22_12-26-45-300x225.jpg 300w, https:\/\/agora.xtec.cat\/escolaelviver\/wp-content\/uploads\/usu460\/2018\/06\/IMG_2018-06-22_12-26-45-768x576.jpg 768w, https:\/\/agora.xtec.cat\/escolaelviver\/wp-content\/uploads\/usu460\/2018\/06\/IMG_2018-06-22_12-26-45-200x150.jpg 200w, https:\/\/agora.xtec.cat\/escolaelviver\/wp-content\/uploads\/usu460\/2018\/06\/IMG_2018-06-22_12-26-45.jpg 1080w\" sizes=\"auto, (max-width: 1024px) 100vw, 1024px\" \/><\/a><\/p>\n<p><a href=\"http:\/\/agora.xtec.cat\/escolaelviver\/wp-content\/uploads\/usu460\/2018\/06\/IMG_2018-06-22_12-16-48.jpg\"><img loading=\"lazy\" decoding=\"async\" class=\"alignnone size-large wp-image-2865\" src=\"http:\/\/agora.xtec.cat\/escolaelviver\/wp-content\/uploads\/usu460\/2018\/06\/IMG_2018-06-22_12-16-48-1024x768.jpg\" alt=\"\" width=\"1024\" height=\"768\" srcset=\"https:\/\/agora.xtec.cat\/escolaelviver\/wp-content\/uploads\/usu460\/2018\/06\/IMG_2018-06-22_12-16-48-1024x768.jpg 1024w, https:\/\/agora.xtec.cat\/escolaelviver\/wp-content\/uploads\/usu460\/2018\/06\/IMG_2018-06-22_12-16-48-300x225.jpg 300w, https:\/\/agora.xtec.cat\/escolaelviver\/wp-content\/uploads\/usu460\/2018\/06\/IMG_2018-06-22_12-16-48-768x576.jpg 768w, https:\/\/agora.xtec.cat\/escolaelviver\/wp-content\/uploads\/usu460\/2018\/06\/IMG_2018-06-22_12-16-48-200x150.jpg 200w, https:\/\/agora.xtec.cat\/escolaelviver\/wp-content\/uploads\/usu460\/2018\/06\/IMG_2018-06-22_12-16-48.jpg 1080w\" sizes=\"auto, (max-width: 1024px) 100vw, 1024px\" \/><\/a><\/p>\n<p><a href=\"http:\/\/agora.xtec.cat\/escolaelviver\/wp-content\/uploads\/usu460\/2018\/06\/IMG_2018-06-22_12-15-57.jpg\"><img loading=\"lazy\" decoding=\"async\" class=\"alignnone size-large wp-image-2867\" src=\"http:\/\/agora.xtec.cat\/escolaelviver\/wp-content\/uploads\/usu460\/2018\/06\/IMG_2018-06-22_12-15-57-1024x768.jpg\" alt=\"\" width=\"1024\" height=\"768\" srcset=\"https:\/\/agora.xtec.cat\/escolaelviver\/wp-content\/uploads\/usu460\/2018\/06\/IMG_2018-06-22_12-15-57-1024x768.jpg 1024w, https:\/\/agora.xtec.cat\/escolaelviver\/wp-content\/uploads\/usu460\/2018\/06\/IMG_2018-06-22_12-15-57-300x225.jpg 300w, https:\/\/agora.xtec.cat\/escolaelviver\/wp-content\/uploads\/usu460\/2018\/06\/IMG_2018-06-22_12-15-57-768x576.jpg 768w, https:\/\/agora.xtec.cat\/escolaelviver\/wp-content\/uploads\/usu460\/2018\/06\/IMG_2018-06-22_12-15-57-200x150.jpg 200w, https:\/\/agora.xtec.cat\/escolaelviver\/wp-content\/uploads\/usu460\/2018\/06\/IMG_2018-06-22_12-15-57.jpg 1080w\" sizes=\"auto, (max-width: 1024px) 100vw, 1024px\" \/><\/a><\/p>\n","protected":false},"excerpt":{"rendered":"<p>Aqu\u00ed tenim a les nenes que han dit, presentat i ballat el preg\u00f3 de la festa major de Can Sant Joan!!!! ???<br \/>\nHo heu fet genial!!! Felicitats noies!!!! ??<br \/>\n<a href=\"http:\/\/agora.xtec.cat\/escolaelviver\/wp-content\/uploads\/usu460\/2018\/06\/IMG_2018-06-22_12-26-45.jpg\"><\/a><br \/>\n<a href=\"http:\/\/agora.xtec.cat\/escolaelviver\/wp-content\/uploads\/usu460\/2018\/06\/IMG_2018-06-22_12-16-48.jpg\"><\/a><br \/>\n<a href=\"http:\/\/agora.xtec.cat\/escolaelviver\/wp-content\/uploads\/usu460\/2018\/06\/IMG_2018-06-22_12-15-57.jpg\"><\/a><\/p>\n","protected":false},"author":32,"featured_media":2867,"comment_status":"open","ping_status":"closed","sticky":false,"template":"","format":"standard","meta":{"_bbp_topic_count":0,"_bbp_reply_count":0,"_bbp_total_topic_count":0,"_bbp_total_reply_count":0,"_bbp_voice_count":0,"_bbp_anonymous_reply_count":0,"_bbp_topic_count_hidden":0,"_bbp_reply_count_hidden":0,"_bbp_forum_subforum_count":0,"footnotes":""},"categories":[1],"tags":[],"class_list":["post-2864","post","type-post","status-publish","format-standard","has-post-thumbnail","hentry","category-general"],"post_mailing_queue_ids":[],"_links":{"self":[{"href":"https:\/\/agora.xtec.cat\/escolaelviver\/wp-json\/wp\/v2\/posts\/2864","targetHints":{"allow":["GET"]}}],"collection":[{"href":"https:\/\/agora.xtec.cat\/escolaelviver\/wp-json\/wp\/v2\/posts"}],"about":[{"href":"https:\/\/agora.xtec.cat\/escolaelviver\/wp-json\/wp\/v2\/types\/post"}],"author":[{"embeddable":true,"href":"https:\/\/agora.xtec.cat\/escolaelviver\/wp-json\/wp\/v2\/users\/32"}],"replies":[{"embeddable":true,"href":"https:\/\/agora.xtec.cat\/escolaelviver\/wp-json\/wp\/v2\/comments?post=2864"}],"version-history":[{"count":1,"href":"https:\/\/agora.xtec.cat\/escolaelviver\/wp-json\/wp\/v2\/posts\/2864\/revisions"}],"predecessor-version":[{"id":2868,"href":"https:\/\/agora.xtec.cat\/escolaelviver\/wp-json\/wp\/v2\/posts\/2864\/revisions\/2868"}],"wp:featuredmedia":[{"embeddable":true,"href":"https:\/\/agora.xtec.cat\/escolaelviver\/wp-json\/wp\/v2\/media\/2867"}],"wp:attachment":[{"href":"https:\/\/agora.xtec.cat\/escolaelviver\/wp-json\/wp\/v2\/media?parent=2864"}],"wp:term":[{"taxonomy":"category","embeddable":true,"href":"https:\/\/agora.xtec.cat\/escolaelviver\/wp-json\/wp\/v2\/categories?post=2864"},{"taxonomy":"post_tag","embeddable":true,"href":"https:\/\/agora.xtec.cat\/escolaelviver\/wp-json\/wp\/v2\/tags?post=2864"}],"curies":[{"name":"wp","href":"https:\/\/api.w.org\/{rel}","templated":true}]}}