{"id":2788,"date":"2018-06-04T12:57:25","date_gmt":"2018-06-04T10:57:25","guid":{"rendered":"http:\/\/agora.xtec.cat\/escolaelviver\/?p=2788"},"modified":"2018-06-04T12:57:25","modified_gmt":"2018-06-04T10:57:25","slug":"la-previsio-del-temps","status":"publish","type":"post","link":"https:\/\/agora.xtec.cat\/escolaelviver\/general\/la-previsio-del-temps\/","title":{"rendered":"La previsi\u00f3 del temps"},"content":{"rendered":"<p>Els nens i nenes de 4t hem observat un gr\u00e0fic de la previsi\u00f3 meteorol\u00f2gica d&#8217;un poble i n&#8217;hem fet un text explicant el temps que far\u00e0. Aqu\u00ed us deixem un text de cada classe.\u00a0<a href=\"http:\/\/agora.xtec.cat\/escolaelviver\/wp-content\/uploads\/usu460\/2018\/06\/IMG_2754-e1528109793858.jpg\"><img loading=\"lazy\" decoding=\"async\" class=\"alignnone size-large wp-image-2790\" src=\"http:\/\/agora.xtec.cat\/escolaelviver\/wp-content\/uploads\/usu460\/2018\/06\/IMG_2754-e1528109793858-768x1024.jpg\" alt=\"\" width=\"768\" height=\"1024\" srcset=\"https:\/\/agora.xtec.cat\/escolaelviver\/wp-content\/uploads\/usu460\/2018\/06\/IMG_2754-e1528109793858-768x1024.jpg 768w, https:\/\/agora.xtec.cat\/escolaelviver\/wp-content\/uploads\/usu460\/2018\/06\/IMG_2754-e1528109793858-225x300.jpg 225w\" sizes=\"auto, (max-width: 768px) 100vw, 768px\" \/><\/a> <a href=\"http:\/\/agora.xtec.cat\/escolaelviver\/wp-content\/uploads\/usu460\/2018\/06\/IMG_2755-e1528109771711.jpg\"><img loading=\"lazy\" decoding=\"async\" class=\"alignnone size-large wp-image-2791\" src=\"http:\/\/agora.xtec.cat\/escolaelviver\/wp-content\/uploads\/usu460\/2018\/06\/IMG_2755-e1528109771711-768x1024.jpg\" alt=\"\" width=\"768\" height=\"1024\" srcset=\"https:\/\/agora.xtec.cat\/escolaelviver\/wp-content\/uploads\/usu460\/2018\/06\/IMG_2755-e1528109771711-768x1024.jpg 768w, https:\/\/agora.xtec.cat\/escolaelviver\/wp-content\/uploads\/usu460\/2018\/06\/IMG_2755-e1528109771711-225x300.jpg 225w\" sizes=\"auto, (max-width: 768px) 100vw, 768px\" \/><\/a><\/p>\n","protected":false},"excerpt":{"rendered":"<p>Els nens i nenes de 4t hem observat un gr\u00e0fic de la previsi\u00f3 meteorol\u00f2gica d&#8217;un poble i n&#8217;hem fet un text explicant el temps que far\u00e0. Aqu\u00ed us deixem un text de cada classe.\u00a0<a href=\"http:\/\/agora.xtec.cat\/escolaelviver\/wp-content\/uploads\/usu460\/2018\/06\/IMG_2754-e1528109793858.jpg\"><\/a> <a href=\"http:\/\/agora.xtec.cat\/escolaelviver\/wp-content\/uploads\/usu460\/2018\/06\/IMG_2755-e1528109771711.jpg\"><\/a><\/p>\n","protected":false},"author":51,"featured_media":0,"comment_status":"open","ping_status":"closed","sticky":false,"template":"","format":"standard","meta":{"_bbp_topic_count":0,"_bbp_reply_count":0,"_bbp_total_topic_count":0,"_bbp_total_reply_count":0,"_bbp_voice_count":0,"_bbp_anonymous_reply_count":0,"_bbp_topic_count_hidden":0,"_bbp_reply_count_hidden":0,"_bbp_forum_subforum_count":0,"footnotes":""},"categories":[95,102,1,4,5],"tags":[],"class_list":["post-2788","post","type-post","status-publish","format-standard","hentry","category-4t","category-el-viver-per-escrit","category-general","category-portada","category-primaria"],"post_mailing_queue_ids":[],"_links":{"self":[{"href":"https:\/\/agora.xtec.cat\/escolaelviver\/wp-json\/wp\/v2\/posts\/2788","targetHints":{"allow":["GET"]}}],"collection":[{"href":"https:\/\/agora.xtec.cat\/escolaelviver\/wp-json\/wp\/v2\/posts"}],"about":[{"href":"https:\/\/agora.xtec.cat\/escolaelviver\/wp-json\/wp\/v2\/types\/post"}],"author":[{"embeddable":true,"href":"https:\/\/agora.xtec.cat\/escolaelviver\/wp-json\/wp\/v2\/users\/51"}],"replies":[{"embeddable":true,"href":"https:\/\/agora.xtec.cat\/escolaelviver\/wp-json\/wp\/v2\/comments?post=2788"}],"version-history":[{"count":1,"href":"https:\/\/agora.xtec.cat\/escolaelviver\/wp-json\/wp\/v2\/posts\/2788\/revisions"}],"predecessor-version":[{"id":2792,"href":"https:\/\/agora.xtec.cat\/escolaelviver\/wp-json\/wp\/v2\/posts\/2788\/revisions\/2792"}],"wp:attachment":[{"href":"https:\/\/agora.xtec.cat\/escolaelviver\/wp-json\/wp\/v2\/media?parent=2788"}],"wp:term":[{"taxonomy":"category","embeddable":true,"href":"https:\/\/agora.xtec.cat\/escolaelviver\/wp-json\/wp\/v2\/categories?post=2788"},{"taxonomy":"post_tag","embeddable":true,"href":"https:\/\/agora.xtec.cat\/escolaelviver\/wp-json\/wp\/v2\/tags?post=2788"}],"curies":[{"name":"wp","href":"https:\/\/api.w.org\/{rel}","templated":true}]}}