{"id":2642,"date":"2018-04-30T12:31:51","date_gmt":"2018-04-30T10:31:51","guid":{"rendered":"http:\/\/agora.xtec.cat\/escolaelviver\/?p=2642"},"modified":"2018-04-30T12:33:47","modified_gmt":"2018-04-30T10:33:47","slug":"les-fotos-de-les-colonies-de-cicle-mitja","status":"publish","type":"post","link":"https:\/\/agora.xtec.cat\/escolaelviver\/general\/les-fotos-de-les-colonies-de-cicle-mitja\/","title":{"rendered":"Col\u00f2nies 2018. Les fotos de Cicle Mitj\u00e0."},"content":{"rendered":"<p>Bon dia!<\/p>\n<p>Aqu\u00ed teniu fotos dels alumnes de cicle mitj\u00e0 d&#8217;aquests fant\u00e0stics dies de col\u00f2nies que hem passat a Can Mundet!<\/p>\n<p><a href=\"https:\/\/photos.app.goo.gl\/ng4jnqKQtUhV4BBR7\" target=\"_blank\" rel=\"noopener noreferrer\">https:\/\/photos.app.goo.gl\/ng4jnqKQtUhV4BBR7<\/a><\/p>\n","protected":false},"excerpt":{"rendered":"<p>Bon dia!<br \/>\nAqu\u00ed teniu fotos dels alumnes de cicle mitj\u00e0 d&#8217;aquests fant\u00e0stics dies de col\u00f2nies que hem passat a Can Mundet!<br \/>\n<a href=\"https:\/\/photos.app.goo.gl\/ng4jnqKQtUhV4BBR7\" target=\"_blank\" rel=\"noopener noreferrer\">https:\/\/photos.app.goo.gl\/ng4jnqKQtUhV4BBR7<\/a><\/p>\n","protected":false},"author":51,"featured_media":0,"comment_status":"open","ping_status":"closed","sticky":false,"template":"","format":"standard","meta":{"_bbp_topic_count":0,"_bbp_reply_count":0,"_bbp_total_topic_count":0,"_bbp_total_reply_count":0,"_bbp_voice_count":0,"_bbp_anonymous_reply_count":0,"_bbp_topic_count_hidden":0,"_bbp_reply_count_hidden":0,"_bbp_forum_subforum_count":0,"footnotes":""},"categories":[94,95,65,58,1,4],"tags":[],"class_list":["post-2642","post","type-post","status-publish","format-standard","hentry","category-3r","category-4t","category-colonies","category-curs-actual","category-general","category-portada"],"post_mailing_queue_ids":[],"_links":{"self":[{"href":"https:\/\/agora.xtec.cat\/escolaelviver\/wp-json\/wp\/v2\/posts\/2642","targetHints":{"allow":["GET"]}}],"collection":[{"href":"https:\/\/agora.xtec.cat\/escolaelviver\/wp-json\/wp\/v2\/posts"}],"about":[{"href":"https:\/\/agora.xtec.cat\/escolaelviver\/wp-json\/wp\/v2\/types\/post"}],"author":[{"embeddable":true,"href":"https:\/\/agora.xtec.cat\/escolaelviver\/wp-json\/wp\/v2\/users\/51"}],"replies":[{"embeddable":true,"href":"https:\/\/agora.xtec.cat\/escolaelviver\/wp-json\/wp\/v2\/comments?post=2642"}],"version-history":[{"count":3,"href":"https:\/\/agora.xtec.cat\/escolaelviver\/wp-json\/wp\/v2\/posts\/2642\/revisions"}],"predecessor-version":[{"id":2645,"href":"https:\/\/agora.xtec.cat\/escolaelviver\/wp-json\/wp\/v2\/posts\/2642\/revisions\/2645"}],"wp:attachment":[{"href":"https:\/\/agora.xtec.cat\/escolaelviver\/wp-json\/wp\/v2\/media?parent=2642"}],"wp:term":[{"taxonomy":"category","embeddable":true,"href":"https:\/\/agora.xtec.cat\/escolaelviver\/wp-json\/wp\/v2\/categories?post=2642"},{"taxonomy":"post_tag","embeddable":true,"href":"https:\/\/agora.xtec.cat\/escolaelviver\/wp-json\/wp\/v2\/tags?post=2642"}],"curies":[{"name":"wp","href":"https:\/\/api.w.org\/{rel}","templated":true}]}}